{"id":783,"date":"2023-11-23T12:34:33","date_gmt":"2023-11-23T12:34:33","guid":{"rendered":"https:\/\/fortedabarra.pt\/?p=783"},"modified":"2023-11-23T12:37:13","modified_gmt":"2023-11-23T12:37:13","slug":"top-eventos-gastronomicos-visitilhavo","status":"publish","type":"post","link":"https:\/\/fortedabarra.pt\/index.php\/2023\/11\/23\/top-eventos-gastronomicos-visitilhavo\/","title":{"rendered":"O top dos eventos gastron\u00f3micos &#8211; visitilhavo.pt"},"content":{"rendered":"\t\t<div data-elementor-type=\"wp-post\" data-elementor-id=\"783\" class=\"elementor elementor-783\">\n\t\t\t\t\t\t<section class=\"elementor-section elementor-top-section elementor-element elementor-element-2666970 elementor-section-boxed elementor-section-height-default elementor-section-height-default\" data-id=\"2666970\" data-element_type=\"section\" data-e-type=\"section\">\n\t\t\t\t\t\t<div class=\"elementor-container elementor-column-gap-default\">\n\t\t\t\t\t<div class=\"elementor-column elementor-col-100 elementor-top-column elementor-element elementor-element-b759583\" data-id=\"b759583\" data-element_type=\"column\" data-e-type=\"column\">\n\t\t\t<div class=\"elementor-widget-wrap elementor-element-populated\">\n\t\t\t\t\t\t<div class=\"elementor-element elementor-element-a3a86a6 elementor-widget elementor-widget-image\" data-id=\"a3a86a6\" data-element_type=\"widget\" data-e-type=\"widget\" data-widget_type=\"image.default\">\n\t\t\t\t<div class=\"elementor-widget-container\">\n\t\t\t\t\t\t\t\t\t\t\t\t\t\t\t<img fetchpriority=\"high\" decoding=\"async\" width=\"640\" height=\"160\" src=\"https:\/\/fortedabarra.pt\/wp-content\/uploads\/2023\/10\/logo-turismoilhavo-1024x256.png\" class=\"attachment-large size-large wp-image-598\" alt=\"\" srcset=\"https:\/\/fortedabarra.pt\/wp-content\/uploads\/2023\/10\/logo-turismoilhavo-1024x256.png 1024w, https:\/\/fortedabarra.pt\/wp-content\/uploads\/2023\/10\/logo-turismoilhavo-300x75.png 300w, https:\/\/fortedabarra.pt\/wp-content\/uploads\/2023\/10\/logo-turismoilhavo-768x192.png 768w, https:\/\/fortedabarra.pt\/wp-content\/uploads\/2023\/10\/logo-turismoilhavo.png 1044w\" sizes=\"(max-width: 640px) 100vw, 640px\" \/>\t\t\t\t\t\t\t\t\t\t\t\t\t\t\t<\/div>\n\t\t\t\t<\/div>\n\t\t\t\t<div class=\"elementor-element elementor-element-1686312 elementor-widget elementor-widget-text-editor\" data-id=\"1686312\" data-element_type=\"widget\" data-e-type=\"widget\" data-widget_type=\"text-editor.default\">\n\t\t\t\t<div class=\"elementor-widget-container\">\n\t\t\t\t\t\t\t\t\t<p><span style=\"color: #727272;\"><i>No cora\u00e7\u00e3o da celebra\u00e7\u00e3o gastron\u00f3mica e cultural, os festivais nesta regi\u00e3o s\u00e3o um convite irresist\u00edvel para reunir fam\u00edlia e amigos. Estes eventos festejam n\u00e3o apenas os sabores locais, mas tamb\u00e9m as comunidades que moldaram a rica heran\u00e7a hist\u00f3rica e culin\u00e1ria ao redor da Ria de Aveiro e da costa atl\u00e2ntica. Atraem n\u00e3o apenas visitantes curiosos em busca da autenticidade dos pratos, mas tamb\u00e9m aqueles que exploram suas ra\u00edzes familiares. Os festivais s\u00e3o uma oportunidade \u00fanica para mergulhar nos sabores \u00fanicos desta regi\u00e3o!<\/i><\/span><\/p>\n<p><span style=\"font-weight: bold; color: #333333; font-family: Helvetica, sans-serif; font-size: 16px;\"><span style=\"background-color: var(--bs-body-bg); color: var( --e-global-color-text ); font-family: var( --e-global-typography-text-font-family ), Sans-serif;\">Not\u00edcia completa e lista de eventos em&nbsp;<\/span><\/span><a href=\"https:\/\/www.visitilhavo.pt\/o-que-te-faz-feliz\/gastronomia\/o-top-dos-eventos-gastronomicos\"><span style=\"background-color: var(--bs-body-bg); font-size: 16px;\"><span style=\"color: #727272;\"><b><u>visitilhavo.pt<\/u><\/b><\/span><\/span><\/a><\/p>\t\t\t\t\t\t\t\t<\/div>\n\t\t\t\t<\/div>\n\t\t\t\t\t<\/div>\n\t\t<\/div>\n\t\t\t\t\t<\/div>\n\t\t<\/section>\n\t\t\t\t<\/div>\n\t\t","protected":false},"excerpt":{"rendered":"<p>Not\u00edcia de visitilhavo.pt<\/p>\n","protected":false},"author":1,"featured_media":785,"comment_status":"closed","ping_status":"closed","sticky":false,"template":"","format":"standard","meta":{"footnotes":""},"categories":[17],"tags":[],"class_list":["post-783","post","type-post","status-publish","format-standard","has-post-thumbnail","hentry","category-noticias"],"yoast_head":"<!-- This site is optimized with the Yoast SEO plugin v27.4 - https:\/\/yoast.com\/product\/yoast-seo-wordpress\/ -->\n<title>O top dos eventos gastron\u00f3micos - visitilhavo.pt - Forte da Barra<\/title>\n<meta name=\"description\" content=\"Descubra a autenticidade dos festivais gastron\u00f3micos na regi\u00e3o da Ria de Aveiro, onde as tradi\u00e7\u00f5es culin\u00e1rias se unem \u00e0s comunidades locais. Explore os sabores aut\u00eanticos e mergulhe na heran\u00e7a hist\u00f3rica e cultural atrav\u00e9s destes eventos imperd\u00edveis!\" \/>\n<meta name=\"robots\" content=\"index, follow, max-snippet:-1, max-image-preview:large, max-video-preview:-1\" \/>\n<link rel=\"canonical\" href=\"https:\/\/fortedabarra.pt\/index.php\/2023\/11\/23\/top-eventos-gastronomicos-visitilhavo\/\" \/>\n<meta property=\"og:locale\" content=\"pt_PT\" \/>\n<meta property=\"og:type\" content=\"article\" \/>\n<meta property=\"og:title\" content=\"O top dos eventos gastron\u00f3micos - visitilhavo.pt - Forte da Barra\" \/>\n<meta property=\"og:description\" content=\"Descubra a autenticidade dos festivais gastron\u00f3micos na regi\u00e3o da Ria de Aveiro, onde as tradi\u00e7\u00f5es culin\u00e1rias se unem \u00e0s comunidades locais. Explore os sabores aut\u00eanticos e mergulhe na heran\u00e7a hist\u00f3rica e cultural atrav\u00e9s destes eventos imperd\u00edveis!\" \/>\n<meta property=\"og:url\" content=\"https:\/\/fortedabarra.pt\/index.php\/2023\/11\/23\/top-eventos-gastronomicos-visitilhavo\/\" \/>\n<meta property=\"og:site_name\" content=\"Forte da Barra\" \/>\n<meta property=\"article:published_time\" content=\"2023-11-23T12:34:33+00:00\" \/>\n<meta property=\"article:modified_time\" content=\"2023-11-23T12:37:13+00:00\" \/>\n<meta property=\"og:image\" content=\"https:\/\/fortedabarra.pt\/wp-content\/uploads\/2023\/11\/top-eventos.jpg\" \/>\n\t<meta property=\"og:image:width\" content=\"1000\" \/>\n\t<meta property=\"og:image:height\" content=\"600\" \/>\n\t<meta property=\"og:image:type\" content=\"image\/jpeg\" \/>\n<meta name=\"author\" content=\"admin\" \/>\n<meta name=\"twitter:card\" content=\"summary_large_image\" \/>\n<meta name=\"twitter:label1\" content=\"Escrito por\" \/>\n\t<meta name=\"twitter:data1\" content=\"admin\" \/>\n\t<meta name=\"twitter:label2\" content=\"Tempo estimado de leitura\" \/>\n\t<meta name=\"twitter:data2\" content=\"1 minuto\" \/>\n<script type=\"application\/ld+json\" class=\"yoast-schema-graph\">{\"@context\":\"https:\\\/\\\/schema.org\",\"@graph\":[{\"@type\":\"Article\",\"@id\":\"https:\\\/\\\/fortedabarra.pt\\\/index.php\\\/2023\\\/11\\\/23\\\/top-eventos-gastronomicos-visitilhavo\\\/#article\",\"isPartOf\":{\"@id\":\"https:\\\/\\\/fortedabarra.pt\\\/index.php\\\/2023\\\/11\\\/23\\\/top-eventos-gastronomicos-visitilhavo\\\/\"},\"author\":{\"name\":\"admin\",\"@id\":\"https:\\\/\\\/fortedabarra.pt\\\/#\\\/schema\\\/person\\\/09d964756c485bc152528d2588daf0b0\"},\"headline\":\"O top dos eventos gastron\u00f3micos &#8211; visitilhavo.pt\",\"datePublished\":\"2023-11-23T12:34:33+00:00\",\"dateModified\":\"2023-11-23T12:37:13+00:00\",\"mainEntityOfPage\":{\"@id\":\"https:\\\/\\\/fortedabarra.pt\\\/index.php\\\/2023\\\/11\\\/23\\\/top-eventos-gastronomicos-visitilhavo\\\/\"},\"wordCount\":120,\"publisher\":{\"@id\":\"https:\\\/\\\/fortedabarra.pt\\\/#organization\"},\"image\":{\"@id\":\"https:\\\/\\\/fortedabarra.pt\\\/index.php\\\/2023\\\/11\\\/23\\\/top-eventos-gastronomicos-visitilhavo\\\/#primaryimage\"},\"thumbnailUrl\":\"https:\\\/\\\/fortedabarra.pt\\\/wp-content\\\/uploads\\\/2023\\\/11\\\/top-eventos.jpg\",\"articleSection\":[\"Not\u00edcias\"],\"inLanguage\":\"pt-PT\"},{\"@type\":\"WebPage\",\"@id\":\"https:\\\/\\\/fortedabarra.pt\\\/index.php\\\/2023\\\/11\\\/23\\\/top-eventos-gastronomicos-visitilhavo\\\/\",\"url\":\"https:\\\/\\\/fortedabarra.pt\\\/index.php\\\/2023\\\/11\\\/23\\\/top-eventos-gastronomicos-visitilhavo\\\/\",\"name\":\"O top dos eventos gastron\u00f3micos - visitilhavo.pt - Forte da Barra\",\"isPartOf\":{\"@id\":\"https:\\\/\\\/fortedabarra.pt\\\/#website\"},\"primaryImageOfPage\":{\"@id\":\"https:\\\/\\\/fortedabarra.pt\\\/index.php\\\/2023\\\/11\\\/23\\\/top-eventos-gastronomicos-visitilhavo\\\/#primaryimage\"},\"image\":{\"@id\":\"https:\\\/\\\/fortedabarra.pt\\\/index.php\\\/2023\\\/11\\\/23\\\/top-eventos-gastronomicos-visitilhavo\\\/#primaryimage\"},\"thumbnailUrl\":\"https:\\\/\\\/fortedabarra.pt\\\/wp-content\\\/uploads\\\/2023\\\/11\\\/top-eventos.jpg\",\"datePublished\":\"2023-11-23T12:34:33+00:00\",\"dateModified\":\"2023-11-23T12:37:13+00:00\",\"description\":\"Descubra a autenticidade dos festivais gastron\u00f3micos na regi\u00e3o da Ria de Aveiro, onde as tradi\u00e7\u00f5es culin\u00e1rias se unem \u00e0s comunidades locais. Explore os sabores aut\u00eanticos e mergulhe na heran\u00e7a hist\u00f3rica e cultural atrav\u00e9s destes eventos imperd\u00edveis!\",\"breadcrumb\":{\"@id\":\"https:\\\/\\\/fortedabarra.pt\\\/index.php\\\/2023\\\/11\\\/23\\\/top-eventos-gastronomicos-visitilhavo\\\/#breadcrumb\"},\"inLanguage\":\"pt-PT\",\"potentialAction\":[{\"@type\":\"ReadAction\",\"target\":[\"https:\\\/\\\/fortedabarra.pt\\\/index.php\\\/2023\\\/11\\\/23\\\/top-eventos-gastronomicos-visitilhavo\\\/\"]}]},{\"@type\":\"ImageObject\",\"inLanguage\":\"pt-PT\",\"@id\":\"https:\\\/\\\/fortedabarra.pt\\\/index.php\\\/2023\\\/11\\\/23\\\/top-eventos-gastronomicos-visitilhavo\\\/#primaryimage\",\"url\":\"https:\\\/\\\/fortedabarra.pt\\\/wp-content\\\/uploads\\\/2023\\\/11\\\/top-eventos.jpg\",\"contentUrl\":\"https:\\\/\\\/fortedabarra.pt\\\/wp-content\\\/uploads\\\/2023\\\/11\\\/top-eventos.jpg\",\"width\":1000,\"height\":600},{\"@type\":\"BreadcrumbList\",\"@id\":\"https:\\\/\\\/fortedabarra.pt\\\/index.php\\\/2023\\\/11\\\/23\\\/top-eventos-gastronomicos-visitilhavo\\\/#breadcrumb\",\"itemListElement\":[{\"@type\":\"ListItem\",\"position\":1,\"name\":\"Home\",\"item\":\"https:\\\/\\\/fortedabarra.pt\\\/\"},{\"@type\":\"ListItem\",\"position\":2,\"name\":\"O top dos eventos gastron\u00f3micos &#8211; visitilhavo.pt\"}]},{\"@type\":\"WebSite\",\"@id\":\"https:\\\/\\\/fortedabarra.pt\\\/#website\",\"url\":\"https:\\\/\\\/fortedabarra.pt\\\/\",\"name\":\"Forte da Barra\",\"description\":\"Empreendimento do FORTE da BARRA Um legado\u00a0para\u00a0o\u00a0futuro!\",\"publisher\":{\"@id\":\"https:\\\/\\\/fortedabarra.pt\\\/#organization\"},\"potentialAction\":[{\"@type\":\"SearchAction\",\"target\":{\"@type\":\"EntryPoint\",\"urlTemplate\":\"https:\\\/\\\/fortedabarra.pt\\\/?s={search_term_string}\"},\"query-input\":{\"@type\":\"PropertyValueSpecification\",\"valueRequired\":true,\"valueName\":\"search_term_string\"}}],\"inLanguage\":\"pt-PT\"},{\"@type\":\"Organization\",\"@id\":\"https:\\\/\\\/fortedabarra.pt\\\/#organization\",\"name\":\"Forte da Barra\",\"url\":\"https:\\\/\\\/fortedabarra.pt\\\/\",\"logo\":{\"@type\":\"ImageObject\",\"inLanguage\":\"pt-PT\",\"@id\":\"https:\\\/\\\/fortedabarra.pt\\\/#\\\/schema\\\/logo\\\/image\\\/\",\"url\":\"https:\\\/\\\/fortedabarra.pt\\\/wp-content\\\/uploads\\\/2023\\\/08\\\/cropped-Forte-da-Barra_logo-site.png\",\"contentUrl\":\"https:\\\/\\\/fortedabarra.pt\\\/wp-content\\\/uploads\\\/2023\\\/08\\\/cropped-Forte-da-Barra_logo-site.png\",\"width\":292,\"height\":292,\"caption\":\"Forte da Barra\"},\"image\":{\"@id\":\"https:\\\/\\\/fortedabarra.pt\\\/#\\\/schema\\\/logo\\\/image\\\/\"}},{\"@type\":\"Person\",\"@id\":\"https:\\\/\\\/fortedabarra.pt\\\/#\\\/schema\\\/person\\\/09d964756c485bc152528d2588daf0b0\",\"name\":\"admin\",\"image\":{\"@type\":\"ImageObject\",\"inLanguage\":\"pt-PT\",\"@id\":\"https:\\\/\\\/secure.gravatar.com\\\/avatar\\\/e950148aedbe92945bbd9f0fe59c5bda5fdcc7733832f92122b6761a8592dbd8?s=96&d=mm&r=g\",\"url\":\"https:\\\/\\\/secure.gravatar.com\\\/avatar\\\/e950148aedbe92945bbd9f0fe59c5bda5fdcc7733832f92122b6761a8592dbd8?s=96&d=mm&r=g\",\"contentUrl\":\"https:\\\/\\\/secure.gravatar.com\\\/avatar\\\/e950148aedbe92945bbd9f0fe59c5bda5fdcc7733832f92122b6761a8592dbd8?s=96&d=mm&r=g\",\"caption\":\"admin\"},\"sameAs\":[\"https:\\\/\\\/fortedabarra.pt\"],\"url\":\"https:\\\/\\\/fortedabarra.pt\\\/index.php\\\/author\\\/admin-forte\\\/\"}]}<\/script>\n<!-- \/ Yoast SEO plugin. -->","yoast_head_json":{"title":"O top dos eventos gastron\u00f3micos - visitilhavo.pt - Forte da Barra","description":"Descubra a autenticidade dos festivais gastron\u00f3micos na regi\u00e3o da Ria de Aveiro, onde as tradi\u00e7\u00f5es culin\u00e1rias se unem \u00e0s comunidades locais. Explore os sabores aut\u00eanticos e mergulhe na heran\u00e7a hist\u00f3rica e cultural atrav\u00e9s destes eventos imperd\u00edveis!","robots":{"index":"index","follow":"follow","max-snippet":"max-snippet:-1","max-image-preview":"max-image-preview:large","max-video-preview":"max-video-preview:-1"},"canonical":"https:\/\/fortedabarra.pt\/index.php\/2023\/11\/23\/top-eventos-gastronomicos-visitilhavo\/","og_locale":"pt_PT","og_type":"article","og_title":"O top dos eventos gastron\u00f3micos - visitilhavo.pt - Forte da Barra","og_description":"Descubra a autenticidade dos festivais gastron\u00f3micos na regi\u00e3o da Ria de Aveiro, onde as tradi\u00e7\u00f5es culin\u00e1rias se unem \u00e0s comunidades locais. Explore os sabores aut\u00eanticos e mergulhe na heran\u00e7a hist\u00f3rica e cultural atrav\u00e9s destes eventos imperd\u00edveis!","og_url":"https:\/\/fortedabarra.pt\/index.php\/2023\/11\/23\/top-eventos-gastronomicos-visitilhavo\/","og_site_name":"Forte da Barra","article_published_time":"2023-11-23T12:34:33+00:00","article_modified_time":"2023-11-23T12:37:13+00:00","og_image":[{"width":1000,"height":600,"url":"https:\/\/fortedabarra.pt\/wp-content\/uploads\/2023\/11\/top-eventos.jpg","type":"image\/jpeg"}],"author":"admin","twitter_card":"summary_large_image","twitter_misc":{"Escrito por":"admin","Tempo estimado de leitura":"1 minuto"},"schema":{"@context":"https:\/\/schema.org","@graph":[{"@type":"Article","@id":"https:\/\/fortedabarra.pt\/index.php\/2023\/11\/23\/top-eventos-gastronomicos-visitilhavo\/#article","isPartOf":{"@id":"https:\/\/fortedabarra.pt\/index.php\/2023\/11\/23\/top-eventos-gastronomicos-visitilhavo\/"},"author":{"name":"admin","@id":"https:\/\/fortedabarra.pt\/#\/schema\/person\/09d964756c485bc152528d2588daf0b0"},"headline":"O top dos eventos gastron\u00f3micos &#8211; visitilhavo.pt","datePublished":"2023-11-23T12:34:33+00:00","dateModified":"2023-11-23T12:37:13+00:00","mainEntityOfPage":{"@id":"https:\/\/fortedabarra.pt\/index.php\/2023\/11\/23\/top-eventos-gastronomicos-visitilhavo\/"},"wordCount":120,"publisher":{"@id":"https:\/\/fortedabarra.pt\/#organization"},"image":{"@id":"https:\/\/fortedabarra.pt\/index.php\/2023\/11\/23\/top-eventos-gastronomicos-visitilhavo\/#primaryimage"},"thumbnailUrl":"https:\/\/fortedabarra.pt\/wp-content\/uploads\/2023\/11\/top-eventos.jpg","articleSection":["Not\u00edcias"],"inLanguage":"pt-PT"},{"@type":"WebPage","@id":"https:\/\/fortedabarra.pt\/index.php\/2023\/11\/23\/top-eventos-gastronomicos-visitilhavo\/","url":"https:\/\/fortedabarra.pt\/index.php\/2023\/11\/23\/top-eventos-gastronomicos-visitilhavo\/","name":"O top dos eventos gastron\u00f3micos - visitilhavo.pt - Forte da Barra","isPartOf":{"@id":"https:\/\/fortedabarra.pt\/#website"},"primaryImageOfPage":{"@id":"https:\/\/fortedabarra.pt\/index.php\/2023\/11\/23\/top-eventos-gastronomicos-visitilhavo\/#primaryimage"},"image":{"@id":"https:\/\/fortedabarra.pt\/index.php\/2023\/11\/23\/top-eventos-gastronomicos-visitilhavo\/#primaryimage"},"thumbnailUrl":"https:\/\/fortedabarra.pt\/wp-content\/uploads\/2023\/11\/top-eventos.jpg","datePublished":"2023-11-23T12:34:33+00:00","dateModified":"2023-11-23T12:37:13+00:00","description":"Descubra a autenticidade dos festivais gastron\u00f3micos na regi\u00e3o da Ria de Aveiro, onde as tradi\u00e7\u00f5es culin\u00e1rias se unem \u00e0s comunidades locais. Explore os sabores aut\u00eanticos e mergulhe na heran\u00e7a hist\u00f3rica e cultural atrav\u00e9s destes eventos imperd\u00edveis!","breadcrumb":{"@id":"https:\/\/fortedabarra.pt\/index.php\/2023\/11\/23\/top-eventos-gastronomicos-visitilhavo\/#breadcrumb"},"inLanguage":"pt-PT","potentialAction":[{"@type":"ReadAction","target":["https:\/\/fortedabarra.pt\/index.php\/2023\/11\/23\/top-eventos-gastronomicos-visitilhavo\/"]}]},{"@type":"ImageObject","inLanguage":"pt-PT","@id":"https:\/\/fortedabarra.pt\/index.php\/2023\/11\/23\/top-eventos-gastronomicos-visitilhavo\/#primaryimage","url":"https:\/\/fortedabarra.pt\/wp-content\/uploads\/2023\/11\/top-eventos.jpg","contentUrl":"https:\/\/fortedabarra.pt\/wp-content\/uploads\/2023\/11\/top-eventos.jpg","width":1000,"height":600},{"@type":"BreadcrumbList","@id":"https:\/\/fortedabarra.pt\/index.php\/2023\/11\/23\/top-eventos-gastronomicos-visitilhavo\/#breadcrumb","itemListElement":[{"@type":"ListItem","position":1,"name":"Home","item":"https:\/\/fortedabarra.pt\/"},{"@type":"ListItem","position":2,"name":"O top dos eventos gastron\u00f3micos &#8211; visitilhavo.pt"}]},{"@type":"WebSite","@id":"https:\/\/fortedabarra.pt\/#website","url":"https:\/\/fortedabarra.pt\/","name":"Forte da Barra","description":"Empreendimento do FORTE da BARRA Um legado\u00a0para\u00a0o\u00a0futuro!","publisher":{"@id":"https:\/\/fortedabarra.pt\/#organization"},"potentialAction":[{"@type":"SearchAction","target":{"@type":"EntryPoint","urlTemplate":"https:\/\/fortedabarra.pt\/?s={search_term_string}"},"query-input":{"@type":"PropertyValueSpecification","valueRequired":true,"valueName":"search_term_string"}}],"inLanguage":"pt-PT"},{"@type":"Organization","@id":"https:\/\/fortedabarra.pt\/#organization","name":"Forte da Barra","url":"https:\/\/fortedabarra.pt\/","logo":{"@type":"ImageObject","inLanguage":"pt-PT","@id":"https:\/\/fortedabarra.pt\/#\/schema\/logo\/image\/","url":"https:\/\/fortedabarra.pt\/wp-content\/uploads\/2023\/08\/cropped-Forte-da-Barra_logo-site.png","contentUrl":"https:\/\/fortedabarra.pt\/wp-content\/uploads\/2023\/08\/cropped-Forte-da-Barra_logo-site.png","width":292,"height":292,"caption":"Forte da Barra"},"image":{"@id":"https:\/\/fortedabarra.pt\/#\/schema\/logo\/image\/"}},{"@type":"Person","@id":"https:\/\/fortedabarra.pt\/#\/schema\/person\/09d964756c485bc152528d2588daf0b0","name":"admin","image":{"@type":"ImageObject","inLanguage":"pt-PT","@id":"https:\/\/secure.gravatar.com\/avatar\/e950148aedbe92945bbd9f0fe59c5bda5fdcc7733832f92122b6761a8592dbd8?s=96&d=mm&r=g","url":"https:\/\/secure.gravatar.com\/avatar\/e950148aedbe92945bbd9f0fe59c5bda5fdcc7733832f92122b6761a8592dbd8?s=96&d=mm&r=g","contentUrl":"https:\/\/secure.gravatar.com\/avatar\/e950148aedbe92945bbd9f0fe59c5bda5fdcc7733832f92122b6761a8592dbd8?s=96&d=mm&r=g","caption":"admin"},"sameAs":["https:\/\/fortedabarra.pt"],"url":"https:\/\/fortedabarra.pt\/index.php\/author\/admin-forte\/"}]}},"_links":{"self":[{"href":"https:\/\/fortedabarra.pt\/index.php\/wp-json\/wp\/v2\/posts\/783","targetHints":{"allow":["GET"]}}],"collection":[{"href":"https:\/\/fortedabarra.pt\/index.php\/wp-json\/wp\/v2\/posts"}],"about":[{"href":"https:\/\/fortedabarra.pt\/index.php\/wp-json\/wp\/v2\/types\/post"}],"author":[{"embeddable":true,"href":"https:\/\/fortedabarra.pt\/index.php\/wp-json\/wp\/v2\/users\/1"}],"replies":[{"embeddable":true,"href":"https:\/\/fortedabarra.pt\/index.php\/wp-json\/wp\/v2\/comments?post=783"}],"version-history":[{"count":8,"href":"https:\/\/fortedabarra.pt\/index.php\/wp-json\/wp\/v2\/posts\/783\/revisions"}],"predecessor-version":[{"id":792,"href":"https:\/\/fortedabarra.pt\/index.php\/wp-json\/wp\/v2\/posts\/783\/revisions\/792"}],"wp:featuredmedia":[{"embeddable":true,"href":"https:\/\/fortedabarra.pt\/index.php\/wp-json\/wp\/v2\/media\/785"}],"wp:attachment":[{"href":"https:\/\/fortedabarra.pt\/index.php\/wp-json\/wp\/v2\/media?parent=783"}],"wp:term":[{"taxonomy":"category","embeddable":true,"href":"https:\/\/fortedabarra.pt\/index.php\/wp-json\/wp\/v2\/categories?post=783"},{"taxonomy":"post_tag","embeddable":true,"href":"https:\/\/fortedabarra.pt\/index.php\/wp-json\/wp\/v2\/tags?post=783"}],"curies":[{"name":"wp","href":"https:\/\/api.w.org\/{rel}","templated":true}]}}