{"id":734,"date":"2020-10-29T11:46:00","date_gmt":"2020-10-29T11:46:00","guid":{"rendered":"https:\/\/fortedabarra.pt\/?p=734"},"modified":"2023-11-23T11:52:01","modified_gmt":"2023-11-23T11:52:01","slug":"forte-barra-nova-vida-2023-aveiromag","status":"publish","type":"post","link":"https:\/\/fortedabarra.pt\/index.php\/2020\/10\/29\/forte-barra-nova-vida-2023-aveiromag\/","title":{"rendered":"Forte da Barra ir\u00e1 ganhar nova vida j\u00e1 em 2023 &#8211; aveiromag.pt"},"content":{"rendered":"\t\t<div data-elementor-type=\"wp-post\" data-elementor-id=\"734\" class=\"elementor elementor-734\">\n\t\t\t\t\t\t<section class=\"elementor-section elementor-top-section elementor-element elementor-element-0bf51ed elementor-section-boxed elementor-section-height-default elementor-section-height-default\" data-id=\"0bf51ed\" data-element_type=\"section\" data-e-type=\"section\">\n\t\t\t\t\t\t<div class=\"elementor-container elementor-column-gap-default\">\n\t\t\t\t\t<div class=\"elementor-column elementor-col-100 elementor-top-column elementor-element elementor-element-a5d3c98\" data-id=\"a5d3c98\" data-element_type=\"column\" data-e-type=\"column\">\n\t\t\t<div class=\"elementor-widget-wrap elementor-element-populated\">\n\t\t\t\t\t\t<div class=\"elementor-element elementor-element-2a108b0 elementor-widget elementor-widget-image\" data-id=\"2a108b0\" data-element_type=\"widget\" data-e-type=\"widget\" data-widget_type=\"image.default\">\n\t\t\t\t<div class=\"elementor-widget-container\">\n\t\t\t\t\t\t\t\t\t\t\t\t\t\t\t<img fetchpriority=\"high\" decoding=\"async\" width=\"640\" height=\"160\" src=\"https:\/\/fortedabarra.pt\/wp-content\/uploads\/2023\/10\/logo-aveiromag-1024x256.png\" class=\"attachment-large size-large wp-image-642\" alt=\"\" srcset=\"https:\/\/fortedabarra.pt\/wp-content\/uploads\/2023\/10\/logo-aveiromag-1024x256.png 1024w, https:\/\/fortedabarra.pt\/wp-content\/uploads\/2023\/10\/logo-aveiromag-300x75.png 300w, https:\/\/fortedabarra.pt\/wp-content\/uploads\/2023\/10\/logo-aveiromag-768x192.png 768w, https:\/\/fortedabarra.pt\/wp-content\/uploads\/2023\/10\/logo-aveiromag.png 1044w\" sizes=\"(max-width: 640px) 100vw, 640px\" \/>\t\t\t\t\t\t\t\t\t\t\t\t\t\t\t<\/div>\n\t\t\t\t<\/div>\n\t\t\t\t<div class=\"elementor-element elementor-element-0f85269 elementor-widget elementor-widget-text-editor\" data-id=\"0f85269\" data-element_type=\"widget\" data-e-type=\"widget\" data-widget_type=\"text-editor.default\">\n\t\t\t\t<div class=\"elementor-widget-container\">\n\t\t\t\t\t\t\t\t\t<p><span style=\"color: #727272;\"><i>A empresa AM + PM oficializou a concess\u00e3o do Forte da Barra, em \u00cdlhavo, no \u00e2mbito do Revive, programa de reabilita\u00e7\u00e3o tur\u00edstica. Com um investimento projetado de 5,6 milh\u00f5es de euros, a inten\u00e7\u00e3o \u00e9 transformar a fortifica\u00e7\u00e3o em um empreendimento com foco em alojamento e restaura\u00e7\u00e3o, com conclus\u00e3o esperada em tr\u00eas anos e meio. Durante a cerim\u00f4nia na Administra\u00e7\u00e3o do Porto de Aveiro, representantes da empresa ressaltaram o potencial da localiza\u00e7\u00e3o \u00e0 beira da Ria.<\/i><\/span><\/p><p><span style=\"color: #727272;\"><i>Al\u00e9m da concess\u00e3o do Forte da Barra, foi assinado o contrato para reabilita\u00e7\u00e3o do Palacete dos Condes Dias Garcia, em S. Jo\u00e3o da Madeira, entregue \u00e0 Hoti Star \u2013 Portugal Hot\u00e9is, S.A., para um estabelecimento hoteleiro de 4 estrelas. Esses projetos fazem parte do Revive, programa que visa revitalizar edif\u00edcios p\u00fablicos valiosos atrav\u00e9s de investimentos privados para atividades econ\u00f4micas, especialmente no turismo. A cerim\u00f4nia destacou a realiza\u00e7\u00e3o desse objetivo, considerando esses locais como marcos hist\u00f3ricos a serem devolvidos \u00e0 comunidade.<\/i><\/span><\/p><p><span style=\"font-weight: bold; color: #333333; font-family: Helvetica, sans-serif; font-size: 16px;\"><span style=\"background-color: var(--bs-body-bg); color: var( --e-global-color-text ); font-family: var( --e-global-typography-text-font-family ), Sans-serif;\">Not\u00edcia completa em\u00a0<\/span><\/span><a href=\"https:\/\/www.aveiromag.pt\/2020\/10\/29\/forte-da-barra-ira-ganhar-nova-vida-ja-em-2023\/\"><span style=\"background-color: var(--bs-body-bg); font-size: 16px;\"><span style=\"color: #727272;\"><b><u>aveiromag.pt<\/u><\/b><\/span><\/span><\/a><\/p>\t\t\t\t\t\t\t\t<\/div>\n\t\t\t\t<\/div>\n\t\t\t\t\t<\/div>\n\t\t<\/div>\n\t\t\t\t\t<\/div>\n\t\t<\/section>\n\t\t\t\t<\/div>\n\t\t","protected":false},"excerpt":{"rendered":"<p>Not\u00edcia de www.aveiromag.pt<\/p>\n","protected":false},"author":1,"featured_media":735,"comment_status":"closed","ping_status":"closed","sticky":false,"template":"","format":"standard","meta":{"footnotes":""},"categories":[17],"tags":[],"class_list":["post-734","post","type-post","status-publish","format-standard","has-post-thumbnail","hentry","category-noticias"],"yoast_head":"<!-- This site is optimized with the Yoast SEO plugin v27.4 - https:\/\/yoast.com\/product\/yoast-seo-wordpress\/ -->\n<title>Forte da Barra ir\u00e1 ganhar nova vida j\u00e1 em 2023 - aveiromag.pt - Forte da Barra<\/title>\n<meta name=\"description\" content=\"Concess\u00e3o do Forte da Barra em \u00cdlhavo pela AM + PM no \u00e2mbito do Revive, com investimento de 5,6 milh\u00f5es de euros para um empreendimento de alojamento e restaura\u00e7\u00e3o. Contrato para reabilita\u00e7\u00e3o do Palacete dos Condes Dias Garcia em S. Jo\u00e3o da Madeira tamb\u00e9m foi assinado, ambos no contexto do programa Revive para revitalizar edif\u00edcios hist\u00f3ricos para o turismo.\" \/>\n<meta name=\"robots\" content=\"index, follow, max-snippet:-1, max-image-preview:large, max-video-preview:-1\" \/>\n<link rel=\"canonical\" href=\"https:\/\/fortedabarra.pt\/index.php\/2020\/10\/29\/forte-barra-nova-vida-2023-aveiromag\/\" \/>\n<meta property=\"og:locale\" content=\"pt_PT\" \/>\n<meta property=\"og:type\" content=\"article\" \/>\n<meta property=\"og:title\" content=\"Forte da Barra ir\u00e1 ganhar nova vida j\u00e1 em 2023 - aveiromag.pt - Forte da Barra\" \/>\n<meta property=\"og:description\" content=\"Concess\u00e3o do Forte da Barra em \u00cdlhavo pela AM + PM no \u00e2mbito do Revive, com investimento de 5,6 milh\u00f5es de euros para um empreendimento de alojamento e restaura\u00e7\u00e3o. Contrato para reabilita\u00e7\u00e3o do Palacete dos Condes Dias Garcia em S. Jo\u00e3o da Madeira tamb\u00e9m foi assinado, ambos no contexto do programa Revive para revitalizar edif\u00edcios hist\u00f3ricos para o turismo.\" \/>\n<meta property=\"og:url\" content=\"https:\/\/fortedabarra.pt\/index.php\/2020\/10\/29\/forte-barra-nova-vida-2023-aveiromag\/\" \/>\n<meta property=\"og:site_name\" content=\"Forte da Barra\" \/>\n<meta property=\"article:published_time\" content=\"2020-10-29T11:46:00+00:00\" \/>\n<meta property=\"article:modified_time\" content=\"2023-11-23T11:52:01+00:00\" \/>\n<meta property=\"og:image\" content=\"https:\/\/fortedabarra.pt\/wp-content\/uploads\/2023\/11\/aveiromag.jpg\" \/>\n\t<meta property=\"og:image:width\" content=\"1000\" \/>\n\t<meta property=\"og:image:height\" content=\"667\" \/>\n\t<meta property=\"og:image:type\" content=\"image\/jpeg\" \/>\n<meta name=\"author\" content=\"admin\" \/>\n<meta name=\"twitter:card\" content=\"summary_large_image\" \/>\n<meta name=\"twitter:label1\" content=\"Escrito por\" \/>\n\t<meta name=\"twitter:data1\" content=\"admin\" \/>\n\t<meta name=\"twitter:label2\" content=\"Tempo estimado de leitura\" \/>\n\t<meta name=\"twitter:data2\" content=\"2 minutos\" \/>\n<script type=\"application\/ld+json\" class=\"yoast-schema-graph\">{\"@context\":\"https:\\\/\\\/schema.org\",\"@graph\":[{\"@type\":\"Article\",\"@id\":\"https:\\\/\\\/fortedabarra.pt\\\/index.php\\\/2020\\\/10\\\/29\\\/forte-barra-nova-vida-2023-aveiromag\\\/#article\",\"isPartOf\":{\"@id\":\"https:\\\/\\\/fortedabarra.pt\\\/index.php\\\/2020\\\/10\\\/29\\\/forte-barra-nova-vida-2023-aveiromag\\\/\"},\"author\":{\"name\":\"admin\",\"@id\":\"https:\\\/\\\/fortedabarra.pt\\\/#\\\/schema\\\/person\\\/09d964756c485bc152528d2588daf0b0\"},\"headline\":\"Forte da Barra ir\u00e1 ganhar nova vida j\u00e1 em 2023 &#8211; aveiromag.pt\",\"datePublished\":\"2020-10-29T11:46:00+00:00\",\"dateModified\":\"2023-11-23T11:52:01+00:00\",\"mainEntityOfPage\":{\"@id\":\"https:\\\/\\\/fortedabarra.pt\\\/index.php\\\/2020\\\/10\\\/29\\\/forte-barra-nova-vida-2023-aveiromag\\\/\"},\"wordCount\":190,\"publisher\":{\"@id\":\"https:\\\/\\\/fortedabarra.pt\\\/#organization\"},\"image\":{\"@id\":\"https:\\\/\\\/fortedabarra.pt\\\/index.php\\\/2020\\\/10\\\/29\\\/forte-barra-nova-vida-2023-aveiromag\\\/#primaryimage\"},\"thumbnailUrl\":\"https:\\\/\\\/fortedabarra.pt\\\/wp-content\\\/uploads\\\/2023\\\/11\\\/aveiromag.jpg\",\"articleSection\":[\"Not\u00edcias\"],\"inLanguage\":\"pt-PT\"},{\"@type\":\"WebPage\",\"@id\":\"https:\\\/\\\/fortedabarra.pt\\\/index.php\\\/2020\\\/10\\\/29\\\/forte-barra-nova-vida-2023-aveiromag\\\/\",\"url\":\"https:\\\/\\\/fortedabarra.pt\\\/index.php\\\/2020\\\/10\\\/29\\\/forte-barra-nova-vida-2023-aveiromag\\\/\",\"name\":\"Forte da Barra ir\u00e1 ganhar nova vida j\u00e1 em 2023 - aveiromag.pt - Forte da Barra\",\"isPartOf\":{\"@id\":\"https:\\\/\\\/fortedabarra.pt\\\/#website\"},\"primaryImageOfPage\":{\"@id\":\"https:\\\/\\\/fortedabarra.pt\\\/index.php\\\/2020\\\/10\\\/29\\\/forte-barra-nova-vida-2023-aveiromag\\\/#primaryimage\"},\"image\":{\"@id\":\"https:\\\/\\\/fortedabarra.pt\\\/index.php\\\/2020\\\/10\\\/29\\\/forte-barra-nova-vida-2023-aveiromag\\\/#primaryimage\"},\"thumbnailUrl\":\"https:\\\/\\\/fortedabarra.pt\\\/wp-content\\\/uploads\\\/2023\\\/11\\\/aveiromag.jpg\",\"datePublished\":\"2020-10-29T11:46:00+00:00\",\"dateModified\":\"2023-11-23T11:52:01+00:00\",\"description\":\"Concess\u00e3o do Forte da Barra em \u00cdlhavo pela AM + PM no \u00e2mbito do Revive, com investimento de 5,6 milh\u00f5es de euros para um empreendimento de alojamento e restaura\u00e7\u00e3o. Contrato para reabilita\u00e7\u00e3o do Palacete dos Condes Dias Garcia em S. Jo\u00e3o da Madeira tamb\u00e9m foi assinado, ambos no contexto do programa Revive para revitalizar edif\u00edcios hist\u00f3ricos para o turismo.\",\"breadcrumb\":{\"@id\":\"https:\\\/\\\/fortedabarra.pt\\\/index.php\\\/2020\\\/10\\\/29\\\/forte-barra-nova-vida-2023-aveiromag\\\/#breadcrumb\"},\"inLanguage\":\"pt-PT\",\"potentialAction\":[{\"@type\":\"ReadAction\",\"target\":[\"https:\\\/\\\/fortedabarra.pt\\\/index.php\\\/2020\\\/10\\\/29\\\/forte-barra-nova-vida-2023-aveiromag\\\/\"]}]},{\"@type\":\"ImageObject\",\"inLanguage\":\"pt-PT\",\"@id\":\"https:\\\/\\\/fortedabarra.pt\\\/index.php\\\/2020\\\/10\\\/29\\\/forte-barra-nova-vida-2023-aveiromag\\\/#primaryimage\",\"url\":\"https:\\\/\\\/fortedabarra.pt\\\/wp-content\\\/uploads\\\/2023\\\/11\\\/aveiromag.jpg\",\"contentUrl\":\"https:\\\/\\\/fortedabarra.pt\\\/wp-content\\\/uploads\\\/2023\\\/11\\\/aveiromag.jpg\",\"width\":1000,\"height\":667},{\"@type\":\"BreadcrumbList\",\"@id\":\"https:\\\/\\\/fortedabarra.pt\\\/index.php\\\/2020\\\/10\\\/29\\\/forte-barra-nova-vida-2023-aveiromag\\\/#breadcrumb\",\"itemListElement\":[{\"@type\":\"ListItem\",\"position\":1,\"name\":\"Home\",\"item\":\"https:\\\/\\\/fortedabarra.pt\\\/\"},{\"@type\":\"ListItem\",\"position\":2,\"name\":\"Forte da Barra ir\u00e1 ganhar nova vida j\u00e1 em 2023 &#8211; aveiromag.pt\"}]},{\"@type\":\"WebSite\",\"@id\":\"https:\\\/\\\/fortedabarra.pt\\\/#website\",\"url\":\"https:\\\/\\\/fortedabarra.pt\\\/\",\"name\":\"Forte da Barra\",\"description\":\"Empreendimento do FORTE da BARRA Um legado\u00a0para\u00a0o\u00a0futuro!\",\"publisher\":{\"@id\":\"https:\\\/\\\/fortedabarra.pt\\\/#organization\"},\"potentialAction\":[{\"@type\":\"SearchAction\",\"target\":{\"@type\":\"EntryPoint\",\"urlTemplate\":\"https:\\\/\\\/fortedabarra.pt\\\/?s={search_term_string}\"},\"query-input\":{\"@type\":\"PropertyValueSpecification\",\"valueRequired\":true,\"valueName\":\"search_term_string\"}}],\"inLanguage\":\"pt-PT\"},{\"@type\":\"Organization\",\"@id\":\"https:\\\/\\\/fortedabarra.pt\\\/#organization\",\"name\":\"Forte da Barra\",\"url\":\"https:\\\/\\\/fortedabarra.pt\\\/\",\"logo\":{\"@type\":\"ImageObject\",\"inLanguage\":\"pt-PT\",\"@id\":\"https:\\\/\\\/fortedabarra.pt\\\/#\\\/schema\\\/logo\\\/image\\\/\",\"url\":\"https:\\\/\\\/fortedabarra.pt\\\/wp-content\\\/uploads\\\/2023\\\/08\\\/cropped-Forte-da-Barra_logo-site.png\",\"contentUrl\":\"https:\\\/\\\/fortedabarra.pt\\\/wp-content\\\/uploads\\\/2023\\\/08\\\/cropped-Forte-da-Barra_logo-site.png\",\"width\":292,\"height\":292,\"caption\":\"Forte da Barra\"},\"image\":{\"@id\":\"https:\\\/\\\/fortedabarra.pt\\\/#\\\/schema\\\/logo\\\/image\\\/\"}},{\"@type\":\"Person\",\"@id\":\"https:\\\/\\\/fortedabarra.pt\\\/#\\\/schema\\\/person\\\/09d964756c485bc152528d2588daf0b0\",\"name\":\"admin\",\"image\":{\"@type\":\"ImageObject\",\"inLanguage\":\"pt-PT\",\"@id\":\"https:\\\/\\\/secure.gravatar.com\\\/avatar\\\/e950148aedbe92945bbd9f0fe59c5bda5fdcc7733832f92122b6761a8592dbd8?s=96&d=mm&r=g\",\"url\":\"https:\\\/\\\/secure.gravatar.com\\\/avatar\\\/e950148aedbe92945bbd9f0fe59c5bda5fdcc7733832f92122b6761a8592dbd8?s=96&d=mm&r=g\",\"contentUrl\":\"https:\\\/\\\/secure.gravatar.com\\\/avatar\\\/e950148aedbe92945bbd9f0fe59c5bda5fdcc7733832f92122b6761a8592dbd8?s=96&d=mm&r=g\",\"caption\":\"admin\"},\"sameAs\":[\"https:\\\/\\\/fortedabarra.pt\"],\"url\":\"https:\\\/\\\/fortedabarra.pt\\\/index.php\\\/author\\\/admin-forte\\\/\"}]}<\/script>\n<!-- \/ Yoast SEO plugin. -->","yoast_head_json":{"title":"Forte da Barra ir\u00e1 ganhar nova vida j\u00e1 em 2023 - aveiromag.pt - Forte da Barra","description":"Concess\u00e3o do Forte da Barra em \u00cdlhavo pela AM + PM no \u00e2mbito do Revive, com investimento de 5,6 milh\u00f5es de euros para um empreendimento de alojamento e restaura\u00e7\u00e3o. Contrato para reabilita\u00e7\u00e3o do Palacete dos Condes Dias Garcia em S. Jo\u00e3o da Madeira tamb\u00e9m foi assinado, ambos no contexto do programa Revive para revitalizar edif\u00edcios hist\u00f3ricos para o turismo.","robots":{"index":"index","follow":"follow","max-snippet":"max-snippet:-1","max-image-preview":"max-image-preview:large","max-video-preview":"max-video-preview:-1"},"canonical":"https:\/\/fortedabarra.pt\/index.php\/2020\/10\/29\/forte-barra-nova-vida-2023-aveiromag\/","og_locale":"pt_PT","og_type":"article","og_title":"Forte da Barra ir\u00e1 ganhar nova vida j\u00e1 em 2023 - aveiromag.pt - Forte da Barra","og_description":"Concess\u00e3o do Forte da Barra em \u00cdlhavo pela AM + PM no \u00e2mbito do Revive, com investimento de 5,6 milh\u00f5es de euros para um empreendimento de alojamento e restaura\u00e7\u00e3o. Contrato para reabilita\u00e7\u00e3o do Palacete dos Condes Dias Garcia em S. Jo\u00e3o da Madeira tamb\u00e9m foi assinado, ambos no contexto do programa Revive para revitalizar edif\u00edcios hist\u00f3ricos para o turismo.","og_url":"https:\/\/fortedabarra.pt\/index.php\/2020\/10\/29\/forte-barra-nova-vida-2023-aveiromag\/","og_site_name":"Forte da Barra","article_published_time":"2020-10-29T11:46:00+00:00","article_modified_time":"2023-11-23T11:52:01+00:00","og_image":[{"width":1000,"height":667,"url":"https:\/\/fortedabarra.pt\/wp-content\/uploads\/2023\/11\/aveiromag.jpg","type":"image\/jpeg"}],"author":"admin","twitter_card":"summary_large_image","twitter_misc":{"Escrito por":"admin","Tempo estimado de leitura":"2 minutos"},"schema":{"@context":"https:\/\/schema.org","@graph":[{"@type":"Article","@id":"https:\/\/fortedabarra.pt\/index.php\/2020\/10\/29\/forte-barra-nova-vida-2023-aveiromag\/#article","isPartOf":{"@id":"https:\/\/fortedabarra.pt\/index.php\/2020\/10\/29\/forte-barra-nova-vida-2023-aveiromag\/"},"author":{"name":"admin","@id":"https:\/\/fortedabarra.pt\/#\/schema\/person\/09d964756c485bc152528d2588daf0b0"},"headline":"Forte da Barra ir\u00e1 ganhar nova vida j\u00e1 em 2023 &#8211; aveiromag.pt","datePublished":"2020-10-29T11:46:00+00:00","dateModified":"2023-11-23T11:52:01+00:00","mainEntityOfPage":{"@id":"https:\/\/fortedabarra.pt\/index.php\/2020\/10\/29\/forte-barra-nova-vida-2023-aveiromag\/"},"wordCount":190,"publisher":{"@id":"https:\/\/fortedabarra.pt\/#organization"},"image":{"@id":"https:\/\/fortedabarra.pt\/index.php\/2020\/10\/29\/forte-barra-nova-vida-2023-aveiromag\/#primaryimage"},"thumbnailUrl":"https:\/\/fortedabarra.pt\/wp-content\/uploads\/2023\/11\/aveiromag.jpg","articleSection":["Not\u00edcias"],"inLanguage":"pt-PT"},{"@type":"WebPage","@id":"https:\/\/fortedabarra.pt\/index.php\/2020\/10\/29\/forte-barra-nova-vida-2023-aveiromag\/","url":"https:\/\/fortedabarra.pt\/index.php\/2020\/10\/29\/forte-barra-nova-vida-2023-aveiromag\/","name":"Forte da Barra ir\u00e1 ganhar nova vida j\u00e1 em 2023 - aveiromag.pt - Forte da Barra","isPartOf":{"@id":"https:\/\/fortedabarra.pt\/#website"},"primaryImageOfPage":{"@id":"https:\/\/fortedabarra.pt\/index.php\/2020\/10\/29\/forte-barra-nova-vida-2023-aveiromag\/#primaryimage"},"image":{"@id":"https:\/\/fortedabarra.pt\/index.php\/2020\/10\/29\/forte-barra-nova-vida-2023-aveiromag\/#primaryimage"},"thumbnailUrl":"https:\/\/fortedabarra.pt\/wp-content\/uploads\/2023\/11\/aveiromag.jpg","datePublished":"2020-10-29T11:46:00+00:00","dateModified":"2023-11-23T11:52:01+00:00","description":"Concess\u00e3o do Forte da Barra em \u00cdlhavo pela AM + PM no \u00e2mbito do Revive, com investimento de 5,6 milh\u00f5es de euros para um empreendimento de alojamento e restaura\u00e7\u00e3o. Contrato para reabilita\u00e7\u00e3o do Palacete dos Condes Dias Garcia em S. Jo\u00e3o da Madeira tamb\u00e9m foi assinado, ambos no contexto do programa Revive para revitalizar edif\u00edcios hist\u00f3ricos para o turismo.","breadcrumb":{"@id":"https:\/\/fortedabarra.pt\/index.php\/2020\/10\/29\/forte-barra-nova-vida-2023-aveiromag\/#breadcrumb"},"inLanguage":"pt-PT","potentialAction":[{"@type":"ReadAction","target":["https:\/\/fortedabarra.pt\/index.php\/2020\/10\/29\/forte-barra-nova-vida-2023-aveiromag\/"]}]},{"@type":"ImageObject","inLanguage":"pt-PT","@id":"https:\/\/fortedabarra.pt\/index.php\/2020\/10\/29\/forte-barra-nova-vida-2023-aveiromag\/#primaryimage","url":"https:\/\/fortedabarra.pt\/wp-content\/uploads\/2023\/11\/aveiromag.jpg","contentUrl":"https:\/\/fortedabarra.pt\/wp-content\/uploads\/2023\/11\/aveiromag.jpg","width":1000,"height":667},{"@type":"BreadcrumbList","@id":"https:\/\/fortedabarra.pt\/index.php\/2020\/10\/29\/forte-barra-nova-vida-2023-aveiromag\/#breadcrumb","itemListElement":[{"@type":"ListItem","position":1,"name":"Home","item":"https:\/\/fortedabarra.pt\/"},{"@type":"ListItem","position":2,"name":"Forte da Barra ir\u00e1 ganhar nova vida j\u00e1 em 2023 &#8211; aveiromag.pt"}]},{"@type":"WebSite","@id":"https:\/\/fortedabarra.pt\/#website","url":"https:\/\/fortedabarra.pt\/","name":"Forte da Barra","description":"Empreendimento do FORTE da BARRA Um legado\u00a0para\u00a0o\u00a0futuro!","publisher":{"@id":"https:\/\/fortedabarra.pt\/#organization"},"potentialAction":[{"@type":"SearchAction","target":{"@type":"EntryPoint","urlTemplate":"https:\/\/fortedabarra.pt\/?s={search_term_string}"},"query-input":{"@type":"PropertyValueSpecification","valueRequired":true,"valueName":"search_term_string"}}],"inLanguage":"pt-PT"},{"@type":"Organization","@id":"https:\/\/fortedabarra.pt\/#organization","name":"Forte da Barra","url":"https:\/\/fortedabarra.pt\/","logo":{"@type":"ImageObject","inLanguage":"pt-PT","@id":"https:\/\/fortedabarra.pt\/#\/schema\/logo\/image\/","url":"https:\/\/fortedabarra.pt\/wp-content\/uploads\/2023\/08\/cropped-Forte-da-Barra_logo-site.png","contentUrl":"https:\/\/fortedabarra.pt\/wp-content\/uploads\/2023\/08\/cropped-Forte-da-Barra_logo-site.png","width":292,"height":292,"caption":"Forte da Barra"},"image":{"@id":"https:\/\/fortedabarra.pt\/#\/schema\/logo\/image\/"}},{"@type":"Person","@id":"https:\/\/fortedabarra.pt\/#\/schema\/person\/09d964756c485bc152528d2588daf0b0","name":"admin","image":{"@type":"ImageObject","inLanguage":"pt-PT","@id":"https:\/\/secure.gravatar.com\/avatar\/e950148aedbe92945bbd9f0fe59c5bda5fdcc7733832f92122b6761a8592dbd8?s=96&d=mm&r=g","url":"https:\/\/secure.gravatar.com\/avatar\/e950148aedbe92945bbd9f0fe59c5bda5fdcc7733832f92122b6761a8592dbd8?s=96&d=mm&r=g","contentUrl":"https:\/\/secure.gravatar.com\/avatar\/e950148aedbe92945bbd9f0fe59c5bda5fdcc7733832f92122b6761a8592dbd8?s=96&d=mm&r=g","caption":"admin"},"sameAs":["https:\/\/fortedabarra.pt"],"url":"https:\/\/fortedabarra.pt\/index.php\/author\/admin-forte\/"}]}},"_links":{"self":[{"href":"https:\/\/fortedabarra.pt\/index.php\/wp-json\/wp\/v2\/posts\/734","targetHints":{"allow":["GET"]}}],"collection":[{"href":"https:\/\/fortedabarra.pt\/index.php\/wp-json\/wp\/v2\/posts"}],"about":[{"href":"https:\/\/fortedabarra.pt\/index.php\/wp-json\/wp\/v2\/types\/post"}],"author":[{"embeddable":true,"href":"https:\/\/fortedabarra.pt\/index.php\/wp-json\/wp\/v2\/users\/1"}],"replies":[{"embeddable":true,"href":"https:\/\/fortedabarra.pt\/index.php\/wp-json\/wp\/v2\/comments?post=734"}],"version-history":[{"count":4,"href":"https:\/\/fortedabarra.pt\/index.php\/wp-json\/wp\/v2\/posts\/734\/revisions"}],"predecessor-version":[{"id":746,"href":"https:\/\/fortedabarra.pt\/index.php\/wp-json\/wp\/v2\/posts\/734\/revisions\/746"}],"wp:featuredmedia":[{"embeddable":true,"href":"https:\/\/fortedabarra.pt\/index.php\/wp-json\/wp\/v2\/media\/735"}],"wp:attachment":[{"href":"https:\/\/fortedabarra.pt\/index.php\/wp-json\/wp\/v2\/media?parent=734"}],"wp:term":[{"taxonomy":"category","embeddable":true,"href":"https:\/\/fortedabarra.pt\/index.php\/wp-json\/wp\/v2\/categories?post=734"},{"taxonomy":"post_tag","embeddable":true,"href":"https:\/\/fortedabarra.pt\/index.php\/wp-json\/wp\/v2\/tags?post=734"}],"curies":[{"name":"wp","href":"https:\/\/api.w.org\/{rel}","templated":true}]}}