{"id":721,"date":"2020-10-29T11:36:00","date_gmt":"2020-10-29T11:36:00","guid":{"rendered":"https:\/\/fortedabarra.pt\/?p=721"},"modified":"2023-11-23T11:41:41","modified_gmt":"2023-11-23T11:41:41","slug":"porto-aveiro-forte-barra-publico","status":"publish","type":"post","link":"https:\/\/fortedabarra.pt\/index.php\/2020\/10\/29\/porto-aveiro-forte-barra-publico\/","title":{"rendered":"Porto de Aveiro quer recuperar todo o edificado do Forte da Barra &#8211; publico.pt"},"content":{"rendered":"\t\t<div data-elementor-type=\"wp-post\" data-elementor-id=\"721\" class=\"elementor elementor-721\">\n\t\t\t\t\t\t<section class=\"elementor-section elementor-top-section elementor-element elementor-element-1692231 elementor-section-boxed elementor-section-height-default elementor-section-height-default\" data-id=\"1692231\" data-element_type=\"section\" data-e-type=\"section\">\n\t\t\t\t\t\t<div class=\"elementor-container elementor-column-gap-default\">\n\t\t\t\t\t<div class=\"elementor-column elementor-col-100 elementor-top-column elementor-element elementor-element-dc1091b\" data-id=\"dc1091b\" data-element_type=\"column\" data-e-type=\"column\">\n\t\t\t<div class=\"elementor-widget-wrap elementor-element-populated\">\n\t\t\t\t\t\t<div class=\"elementor-element elementor-element-6d74a94 elementor-widget elementor-widget-image\" data-id=\"6d74a94\" data-element_type=\"widget\" data-e-type=\"widget\" data-widget_type=\"image.default\">\n\t\t\t\t<div class=\"elementor-widget-container\">\n\t\t\t\t\t\t\t\t\t\t\t\t\t\t\t<img fetchpriority=\"high\" decoding=\"async\" width=\"640\" height=\"160\" src=\"https:\/\/fortedabarra.pt\/wp-content\/uploads\/2020\/01\/logo-publico-1024x256.png\" class=\"attachment-large size-large wp-image-717\" alt=\"\" srcset=\"https:\/\/fortedabarra.pt\/wp-content\/uploads\/2020\/01\/logo-publico-1024x256.png 1024w, https:\/\/fortedabarra.pt\/wp-content\/uploads\/2020\/01\/logo-publico-300x75.png 300w, https:\/\/fortedabarra.pt\/wp-content\/uploads\/2020\/01\/logo-publico-768x192.png 768w, https:\/\/fortedabarra.pt\/wp-content\/uploads\/2020\/01\/logo-publico.png 1044w\" sizes=\"(max-width: 640px) 100vw, 640px\" \/>\t\t\t\t\t\t\t\t\t\t\t\t\t\t\t<\/div>\n\t\t\t\t<\/div>\n\t\t\t\t<div class=\"elementor-element elementor-element-0c72ecc elementor-widget elementor-widget-text-editor\" data-id=\"0c72ecc\" data-element_type=\"widget\" data-e-type=\"widget\" data-widget_type=\"text-editor.default\">\n\t\t\t\t<div class=\"elementor-widget-container\">\n\t\t\t\t\t\t\t\t\t<p><span style=\"color: #727272;\"><i>O Forte da Barra, primeira fortifica\u00e7\u00e3o cedida pelo programa Revive, ser\u00e1 transformado em uma unidade hoteleira. A Administra\u00e7\u00e3o do Porto de Aveiro (APA) planeja restaurar o edif\u00edcio para criar um espa\u00e7o hist\u00f3rico, conforme revelado pela presidente, F\u00e1tima Alves. Esta \u00e9 a primeira fortifica\u00e7\u00e3o cedida pelo programa Revive para abrigar um hotel. No s\u00e9culo XIX, a fortaleza perdeu suas fun\u00e7\u00f5es militares e temporariamente foi utilizada como pris\u00e3o. Uma pequena torre de sinaliza\u00e7\u00e3o foi parte da constru\u00e7\u00e3o original, desativada com a cria\u00e7\u00e3o do Farol da Barra.<\/i><\/span><\/p><p><span style=\"font-weight: bold; color: #333333; font-family: Helvetica, sans-serif; font-size: 16px;\"><span style=\"background-color: var(--bs-body-bg); color: var( --e-global-color-text ); font-family: var( --e-global-typography-text-font-family ), Sans-serif;\">Not\u00edcia completa em <\/span><\/span><a href=\"https:\/\/www.publico.pt\/2020\/10\/29\/local\/noticia\/porto-aveiro-quer-recuperar-edificado-forte-barra-1937258\"><span style=\"background-color: var(--bs-body-bg); font-size: 16px;\"><span style=\"color: #727272;\"><b><u>publico.pt<\/u><\/b><\/span><\/span><\/a><\/p>\t\t\t\t\t\t\t\t<\/div>\n\t\t\t\t<\/div>\n\t\t\t\t\t<\/div>\n\t\t<\/div>\n\t\t\t\t\t<\/div>\n\t\t<\/section>\n\t\t\t\t<\/div>\n\t\t","protected":false},"excerpt":{"rendered":"<p>Not\u00edcia de publico.pt<\/p>\n","protected":false},"author":1,"featured_media":722,"comment_status":"closed","ping_status":"closed","sticky":false,"template":"","format":"standard","meta":{"footnotes":""},"categories":[17],"tags":[],"class_list":["post-721","post","type-post","status-publish","format-standard","has-post-thumbnail","hentry","category-noticias"],"yoast_head":"<!-- This site is optimized with the Yoast SEO plugin v27.4 - https:\/\/yoast.com\/product\/yoast-seo-wordpress\/ -->\n<title>Porto de Aveiro quer recuperar todo o edificado do Forte da Barra - publico.pt - Forte da Barra<\/title>\n<meta name=\"description\" content=\"Forte da Barra, primeiro concedido pelo Revive, ser\u00e1 um hotel hist\u00f3rico. APA restaurar\u00e1 o edif\u00edcio para criar um espa\u00e7o memorial. Primeira fortifica\u00e7\u00e3o do programa Revive destinada a um hotel. Torre de sinaliza\u00e7\u00e3o original ser\u00e1 preservada.\" \/>\n<meta name=\"robots\" content=\"index, follow, max-snippet:-1, max-image-preview:large, max-video-preview:-1\" \/>\n<link rel=\"canonical\" href=\"https:\/\/fortedabarra.pt\/index.php\/2020\/10\/29\/porto-aveiro-forte-barra-publico\/\" \/>\n<meta property=\"og:locale\" content=\"pt_PT\" \/>\n<meta property=\"og:type\" content=\"article\" \/>\n<meta property=\"og:title\" content=\"Porto de Aveiro quer recuperar todo o edificado do Forte da Barra - publico.pt - Forte da Barra\" \/>\n<meta property=\"og:description\" content=\"Forte da Barra, primeiro concedido pelo Revive, ser\u00e1 um hotel hist\u00f3rico. APA restaurar\u00e1 o edif\u00edcio para criar um espa\u00e7o memorial. Primeira fortifica\u00e7\u00e3o do programa Revive destinada a um hotel. Torre de sinaliza\u00e7\u00e3o original ser\u00e1 preservada.\" \/>\n<meta property=\"og:url\" content=\"https:\/\/fortedabarra.pt\/index.php\/2020\/10\/29\/porto-aveiro-forte-barra-publico\/\" \/>\n<meta property=\"og:site_name\" content=\"Forte da Barra\" \/>\n<meta property=\"article:published_time\" content=\"2020-10-29T11:36:00+00:00\" \/>\n<meta property=\"article:modified_time\" content=\"2023-11-23T11:41:41+00:00\" \/>\n<meta property=\"og:image\" content=\"https:\/\/fortedabarra.pt\/wp-content\/uploads\/2023\/11\/publico4.jpeg\" \/>\n\t<meta property=\"og:image:width\" content=\"2048\" \/>\n\t<meta property=\"og:image:height\" content=\"1365\" \/>\n\t<meta property=\"og:image:type\" content=\"image\/jpeg\" \/>\n<meta name=\"author\" content=\"admin\" \/>\n<meta name=\"twitter:card\" content=\"summary_large_image\" \/>\n<meta name=\"twitter:label1\" content=\"Escrito por\" \/>\n\t<meta name=\"twitter:data1\" content=\"admin\" \/>\n\t<meta name=\"twitter:label2\" content=\"Tempo estimado de leitura\" \/>\n\t<meta name=\"twitter:data2\" content=\"1 minuto\" \/>\n<script type=\"application\/ld+json\" class=\"yoast-schema-graph\">{\"@context\":\"https:\\\/\\\/schema.org\",\"@graph\":[{\"@type\":\"Article\",\"@id\":\"https:\\\/\\\/fortedabarra.pt\\\/index.php\\\/2020\\\/10\\\/29\\\/porto-aveiro-forte-barra-publico\\\/#article\",\"isPartOf\":{\"@id\":\"https:\\\/\\\/fortedabarra.pt\\\/index.php\\\/2020\\\/10\\\/29\\\/porto-aveiro-forte-barra-publico\\\/\"},\"author\":{\"name\":\"admin\",\"@id\":\"https:\\\/\\\/fortedabarra.pt\\\/#\\\/schema\\\/person\\\/09d964756c485bc152528d2588daf0b0\"},\"headline\":\"Porto de Aveiro quer recuperar todo o edificado do Forte da Barra &#8211; publico.pt\",\"datePublished\":\"2020-10-29T11:36:00+00:00\",\"dateModified\":\"2023-11-23T11:41:41+00:00\",\"mainEntityOfPage\":{\"@id\":\"https:\\\/\\\/fortedabarra.pt\\\/index.php\\\/2020\\\/10\\\/29\\\/porto-aveiro-forte-barra-publico\\\/\"},\"wordCount\":117,\"publisher\":{\"@id\":\"https:\\\/\\\/fortedabarra.pt\\\/#organization\"},\"image\":{\"@id\":\"https:\\\/\\\/fortedabarra.pt\\\/index.php\\\/2020\\\/10\\\/29\\\/porto-aveiro-forte-barra-publico\\\/#primaryimage\"},\"thumbnailUrl\":\"https:\\\/\\\/fortedabarra.pt\\\/wp-content\\\/uploads\\\/2023\\\/11\\\/publico4.jpeg\",\"articleSection\":[\"Not\u00edcias\"],\"inLanguage\":\"pt-PT\"},{\"@type\":\"WebPage\",\"@id\":\"https:\\\/\\\/fortedabarra.pt\\\/index.php\\\/2020\\\/10\\\/29\\\/porto-aveiro-forte-barra-publico\\\/\",\"url\":\"https:\\\/\\\/fortedabarra.pt\\\/index.php\\\/2020\\\/10\\\/29\\\/porto-aveiro-forte-barra-publico\\\/\",\"name\":\"Porto de Aveiro quer recuperar todo o edificado do Forte da Barra - publico.pt - Forte da Barra\",\"isPartOf\":{\"@id\":\"https:\\\/\\\/fortedabarra.pt\\\/#website\"},\"primaryImageOfPage\":{\"@id\":\"https:\\\/\\\/fortedabarra.pt\\\/index.php\\\/2020\\\/10\\\/29\\\/porto-aveiro-forte-barra-publico\\\/#primaryimage\"},\"image\":{\"@id\":\"https:\\\/\\\/fortedabarra.pt\\\/index.php\\\/2020\\\/10\\\/29\\\/porto-aveiro-forte-barra-publico\\\/#primaryimage\"},\"thumbnailUrl\":\"https:\\\/\\\/fortedabarra.pt\\\/wp-content\\\/uploads\\\/2023\\\/11\\\/publico4.jpeg\",\"datePublished\":\"2020-10-29T11:36:00+00:00\",\"dateModified\":\"2023-11-23T11:41:41+00:00\",\"description\":\"Forte da Barra, primeiro concedido pelo Revive, ser\u00e1 um hotel hist\u00f3rico. APA restaurar\u00e1 o edif\u00edcio para criar um espa\u00e7o memorial. Primeira fortifica\u00e7\u00e3o do programa Revive destinada a um hotel. Torre de sinaliza\u00e7\u00e3o original ser\u00e1 preservada.\",\"breadcrumb\":{\"@id\":\"https:\\\/\\\/fortedabarra.pt\\\/index.php\\\/2020\\\/10\\\/29\\\/porto-aveiro-forte-barra-publico\\\/#breadcrumb\"},\"inLanguage\":\"pt-PT\",\"potentialAction\":[{\"@type\":\"ReadAction\",\"target\":[\"https:\\\/\\\/fortedabarra.pt\\\/index.php\\\/2020\\\/10\\\/29\\\/porto-aveiro-forte-barra-publico\\\/\"]}]},{\"@type\":\"ImageObject\",\"inLanguage\":\"pt-PT\",\"@id\":\"https:\\\/\\\/fortedabarra.pt\\\/index.php\\\/2020\\\/10\\\/29\\\/porto-aveiro-forte-barra-publico\\\/#primaryimage\",\"url\":\"https:\\\/\\\/fortedabarra.pt\\\/wp-content\\\/uploads\\\/2023\\\/11\\\/publico4.jpeg\",\"contentUrl\":\"https:\\\/\\\/fortedabarra.pt\\\/wp-content\\\/uploads\\\/2023\\\/11\\\/publico4.jpeg\",\"width\":2048,\"height\":1365},{\"@type\":\"BreadcrumbList\",\"@id\":\"https:\\\/\\\/fortedabarra.pt\\\/index.php\\\/2020\\\/10\\\/29\\\/porto-aveiro-forte-barra-publico\\\/#breadcrumb\",\"itemListElement\":[{\"@type\":\"ListItem\",\"position\":1,\"name\":\"Home\",\"item\":\"https:\\\/\\\/fortedabarra.pt\\\/\"},{\"@type\":\"ListItem\",\"position\":2,\"name\":\"Porto de Aveiro quer recuperar todo o edificado do Forte da Barra &#8211; publico.pt\"}]},{\"@type\":\"WebSite\",\"@id\":\"https:\\\/\\\/fortedabarra.pt\\\/#website\",\"url\":\"https:\\\/\\\/fortedabarra.pt\\\/\",\"name\":\"Forte da Barra\",\"description\":\"Empreendimento do FORTE da BARRA Um legado\u00a0para\u00a0o\u00a0futuro!\",\"publisher\":{\"@id\":\"https:\\\/\\\/fortedabarra.pt\\\/#organization\"},\"potentialAction\":[{\"@type\":\"SearchAction\",\"target\":{\"@type\":\"EntryPoint\",\"urlTemplate\":\"https:\\\/\\\/fortedabarra.pt\\\/?s={search_term_string}\"},\"query-input\":{\"@type\":\"PropertyValueSpecification\",\"valueRequired\":true,\"valueName\":\"search_term_string\"}}],\"inLanguage\":\"pt-PT\"},{\"@type\":\"Organization\",\"@id\":\"https:\\\/\\\/fortedabarra.pt\\\/#organization\",\"name\":\"Forte da Barra\",\"url\":\"https:\\\/\\\/fortedabarra.pt\\\/\",\"logo\":{\"@type\":\"ImageObject\",\"inLanguage\":\"pt-PT\",\"@id\":\"https:\\\/\\\/fortedabarra.pt\\\/#\\\/schema\\\/logo\\\/image\\\/\",\"url\":\"https:\\\/\\\/fortedabarra.pt\\\/wp-content\\\/uploads\\\/2023\\\/08\\\/cropped-Forte-da-Barra_logo-site.png\",\"contentUrl\":\"https:\\\/\\\/fortedabarra.pt\\\/wp-content\\\/uploads\\\/2023\\\/08\\\/cropped-Forte-da-Barra_logo-site.png\",\"width\":292,\"height\":292,\"caption\":\"Forte da Barra\"},\"image\":{\"@id\":\"https:\\\/\\\/fortedabarra.pt\\\/#\\\/schema\\\/logo\\\/image\\\/\"}},{\"@type\":\"Person\",\"@id\":\"https:\\\/\\\/fortedabarra.pt\\\/#\\\/schema\\\/person\\\/09d964756c485bc152528d2588daf0b0\",\"name\":\"admin\",\"image\":{\"@type\":\"ImageObject\",\"inLanguage\":\"pt-PT\",\"@id\":\"https:\\\/\\\/secure.gravatar.com\\\/avatar\\\/e950148aedbe92945bbd9f0fe59c5bda5fdcc7733832f92122b6761a8592dbd8?s=96&d=mm&r=g\",\"url\":\"https:\\\/\\\/secure.gravatar.com\\\/avatar\\\/e950148aedbe92945bbd9f0fe59c5bda5fdcc7733832f92122b6761a8592dbd8?s=96&d=mm&r=g\",\"contentUrl\":\"https:\\\/\\\/secure.gravatar.com\\\/avatar\\\/e950148aedbe92945bbd9f0fe59c5bda5fdcc7733832f92122b6761a8592dbd8?s=96&d=mm&r=g\",\"caption\":\"admin\"},\"sameAs\":[\"https:\\\/\\\/fortedabarra.pt\"],\"url\":\"https:\\\/\\\/fortedabarra.pt\\\/index.php\\\/author\\\/admin-forte\\\/\"}]}<\/script>\n<!-- \/ Yoast SEO plugin. -->","yoast_head_json":{"title":"Porto de Aveiro quer recuperar todo o edificado do Forte da Barra - publico.pt - Forte da Barra","description":"Forte da Barra, primeiro concedido pelo Revive, ser\u00e1 um hotel hist\u00f3rico. APA restaurar\u00e1 o edif\u00edcio para criar um espa\u00e7o memorial. Primeira fortifica\u00e7\u00e3o do programa Revive destinada a um hotel. Torre de sinaliza\u00e7\u00e3o original ser\u00e1 preservada.","robots":{"index":"index","follow":"follow","max-snippet":"max-snippet:-1","max-image-preview":"max-image-preview:large","max-video-preview":"max-video-preview:-1"},"canonical":"https:\/\/fortedabarra.pt\/index.php\/2020\/10\/29\/porto-aveiro-forte-barra-publico\/","og_locale":"pt_PT","og_type":"article","og_title":"Porto de Aveiro quer recuperar todo o edificado do Forte da Barra - publico.pt - Forte da Barra","og_description":"Forte da Barra, primeiro concedido pelo Revive, ser\u00e1 um hotel hist\u00f3rico. APA restaurar\u00e1 o edif\u00edcio para criar um espa\u00e7o memorial. Primeira fortifica\u00e7\u00e3o do programa Revive destinada a um hotel. Torre de sinaliza\u00e7\u00e3o original ser\u00e1 preservada.","og_url":"https:\/\/fortedabarra.pt\/index.php\/2020\/10\/29\/porto-aveiro-forte-barra-publico\/","og_site_name":"Forte da Barra","article_published_time":"2020-10-29T11:36:00+00:00","article_modified_time":"2023-11-23T11:41:41+00:00","og_image":[{"width":2048,"height":1365,"url":"https:\/\/fortedabarra.pt\/wp-content\/uploads\/2023\/11\/publico4.jpeg","type":"image\/jpeg"}],"author":"admin","twitter_card":"summary_large_image","twitter_misc":{"Escrito por":"admin","Tempo estimado de leitura":"1 minuto"},"schema":{"@context":"https:\/\/schema.org","@graph":[{"@type":"Article","@id":"https:\/\/fortedabarra.pt\/index.php\/2020\/10\/29\/porto-aveiro-forte-barra-publico\/#article","isPartOf":{"@id":"https:\/\/fortedabarra.pt\/index.php\/2020\/10\/29\/porto-aveiro-forte-barra-publico\/"},"author":{"name":"admin","@id":"https:\/\/fortedabarra.pt\/#\/schema\/person\/09d964756c485bc152528d2588daf0b0"},"headline":"Porto de Aveiro quer recuperar todo o edificado do Forte da Barra &#8211; publico.pt","datePublished":"2020-10-29T11:36:00+00:00","dateModified":"2023-11-23T11:41:41+00:00","mainEntityOfPage":{"@id":"https:\/\/fortedabarra.pt\/index.php\/2020\/10\/29\/porto-aveiro-forte-barra-publico\/"},"wordCount":117,"publisher":{"@id":"https:\/\/fortedabarra.pt\/#organization"},"image":{"@id":"https:\/\/fortedabarra.pt\/index.php\/2020\/10\/29\/porto-aveiro-forte-barra-publico\/#primaryimage"},"thumbnailUrl":"https:\/\/fortedabarra.pt\/wp-content\/uploads\/2023\/11\/publico4.jpeg","articleSection":["Not\u00edcias"],"inLanguage":"pt-PT"},{"@type":"WebPage","@id":"https:\/\/fortedabarra.pt\/index.php\/2020\/10\/29\/porto-aveiro-forte-barra-publico\/","url":"https:\/\/fortedabarra.pt\/index.php\/2020\/10\/29\/porto-aveiro-forte-barra-publico\/","name":"Porto de Aveiro quer recuperar todo o edificado do Forte da Barra - publico.pt - Forte da Barra","isPartOf":{"@id":"https:\/\/fortedabarra.pt\/#website"},"primaryImageOfPage":{"@id":"https:\/\/fortedabarra.pt\/index.php\/2020\/10\/29\/porto-aveiro-forte-barra-publico\/#primaryimage"},"image":{"@id":"https:\/\/fortedabarra.pt\/index.php\/2020\/10\/29\/porto-aveiro-forte-barra-publico\/#primaryimage"},"thumbnailUrl":"https:\/\/fortedabarra.pt\/wp-content\/uploads\/2023\/11\/publico4.jpeg","datePublished":"2020-10-29T11:36:00+00:00","dateModified":"2023-11-23T11:41:41+00:00","description":"Forte da Barra, primeiro concedido pelo Revive, ser\u00e1 um hotel hist\u00f3rico. APA restaurar\u00e1 o edif\u00edcio para criar um espa\u00e7o memorial. Primeira fortifica\u00e7\u00e3o do programa Revive destinada a um hotel. Torre de sinaliza\u00e7\u00e3o original ser\u00e1 preservada.","breadcrumb":{"@id":"https:\/\/fortedabarra.pt\/index.php\/2020\/10\/29\/porto-aveiro-forte-barra-publico\/#breadcrumb"},"inLanguage":"pt-PT","potentialAction":[{"@type":"ReadAction","target":["https:\/\/fortedabarra.pt\/index.php\/2020\/10\/29\/porto-aveiro-forte-barra-publico\/"]}]},{"@type":"ImageObject","inLanguage":"pt-PT","@id":"https:\/\/fortedabarra.pt\/index.php\/2020\/10\/29\/porto-aveiro-forte-barra-publico\/#primaryimage","url":"https:\/\/fortedabarra.pt\/wp-content\/uploads\/2023\/11\/publico4.jpeg","contentUrl":"https:\/\/fortedabarra.pt\/wp-content\/uploads\/2023\/11\/publico4.jpeg","width":2048,"height":1365},{"@type":"BreadcrumbList","@id":"https:\/\/fortedabarra.pt\/index.php\/2020\/10\/29\/porto-aveiro-forte-barra-publico\/#breadcrumb","itemListElement":[{"@type":"ListItem","position":1,"name":"Home","item":"https:\/\/fortedabarra.pt\/"},{"@type":"ListItem","position":2,"name":"Porto de Aveiro quer recuperar todo o edificado do Forte da Barra &#8211; publico.pt"}]},{"@type":"WebSite","@id":"https:\/\/fortedabarra.pt\/#website","url":"https:\/\/fortedabarra.pt\/","name":"Forte da Barra","description":"Empreendimento do FORTE da BARRA Um legado\u00a0para\u00a0o\u00a0futuro!","publisher":{"@id":"https:\/\/fortedabarra.pt\/#organization"},"potentialAction":[{"@type":"SearchAction","target":{"@type":"EntryPoint","urlTemplate":"https:\/\/fortedabarra.pt\/?s={search_term_string}"},"query-input":{"@type":"PropertyValueSpecification","valueRequired":true,"valueName":"search_term_string"}}],"inLanguage":"pt-PT"},{"@type":"Organization","@id":"https:\/\/fortedabarra.pt\/#organization","name":"Forte da Barra","url":"https:\/\/fortedabarra.pt\/","logo":{"@type":"ImageObject","inLanguage":"pt-PT","@id":"https:\/\/fortedabarra.pt\/#\/schema\/logo\/image\/","url":"https:\/\/fortedabarra.pt\/wp-content\/uploads\/2023\/08\/cropped-Forte-da-Barra_logo-site.png","contentUrl":"https:\/\/fortedabarra.pt\/wp-content\/uploads\/2023\/08\/cropped-Forte-da-Barra_logo-site.png","width":292,"height":292,"caption":"Forte da Barra"},"image":{"@id":"https:\/\/fortedabarra.pt\/#\/schema\/logo\/image\/"}},{"@type":"Person","@id":"https:\/\/fortedabarra.pt\/#\/schema\/person\/09d964756c485bc152528d2588daf0b0","name":"admin","image":{"@type":"ImageObject","inLanguage":"pt-PT","@id":"https:\/\/secure.gravatar.com\/avatar\/e950148aedbe92945bbd9f0fe59c5bda5fdcc7733832f92122b6761a8592dbd8?s=96&d=mm&r=g","url":"https:\/\/secure.gravatar.com\/avatar\/e950148aedbe92945bbd9f0fe59c5bda5fdcc7733832f92122b6761a8592dbd8?s=96&d=mm&r=g","contentUrl":"https:\/\/secure.gravatar.com\/avatar\/e950148aedbe92945bbd9f0fe59c5bda5fdcc7733832f92122b6761a8592dbd8?s=96&d=mm&r=g","caption":"admin"},"sameAs":["https:\/\/fortedabarra.pt"],"url":"https:\/\/fortedabarra.pt\/index.php\/author\/admin-forte\/"}]}},"_links":{"self":[{"href":"https:\/\/fortedabarra.pt\/index.php\/wp-json\/wp\/v2\/posts\/721","targetHints":{"allow":["GET"]}}],"collection":[{"href":"https:\/\/fortedabarra.pt\/index.php\/wp-json\/wp\/v2\/posts"}],"about":[{"href":"https:\/\/fortedabarra.pt\/index.php\/wp-json\/wp\/v2\/types\/post"}],"author":[{"embeddable":true,"href":"https:\/\/fortedabarra.pt\/index.php\/wp-json\/wp\/v2\/users\/1"}],"replies":[{"embeddable":true,"href":"https:\/\/fortedabarra.pt\/index.php\/wp-json\/wp\/v2\/comments?post=721"}],"version-history":[{"count":4,"href":"https:\/\/fortedabarra.pt\/index.php\/wp-json\/wp\/v2\/posts\/721\/revisions"}],"predecessor-version":[{"id":726,"href":"https:\/\/fortedabarra.pt\/index.php\/wp-json\/wp\/v2\/posts\/721\/revisions\/726"}],"wp:featuredmedia":[{"embeddable":true,"href":"https:\/\/fortedabarra.pt\/index.php\/wp-json\/wp\/v2\/media\/722"}],"wp:attachment":[{"href":"https:\/\/fortedabarra.pt\/index.php\/wp-json\/wp\/v2\/media?parent=721"}],"wp:term":[{"taxonomy":"category","embeddable":true,"href":"https:\/\/fortedabarra.pt\/index.php\/wp-json\/wp\/v2\/categories?post=721"},{"taxonomy":"post_tag","embeddable":true,"href":"https:\/\/fortedabarra.pt\/index.php\/wp-json\/wp\/v2\/tags?post=721"}],"curies":[{"name":"wp","href":"https:\/\/api.w.org\/{rel}","templated":true}]}}