{"id":711,"date":"2020-01-30T17:20:00","date_gmt":"2020-01-30T17:20:00","guid":{"rendered":"https:\/\/fortedabarra.pt\/?p=711"},"modified":"2023-11-23T11:36:10","modified_gmt":"2023-11-23T11:36:10","slug":"forte-barra-transformado-hotel-publico","status":"publish","type":"post","link":"https:\/\/fortedabarra.pt\/index.php\/2020\/01\/30\/forte-barra-transformado-hotel-publico\/","title":{"rendered":"Forte da Barra de Aveiro j\u00e1 pode ser transformado num hotel &#8211; publico.pt"},"content":{"rendered":"\t\t<div data-elementor-type=\"wp-post\" data-elementor-id=\"711\" class=\"elementor elementor-711\">\n\t\t\t\t\t\t<section class=\"elementor-section elementor-top-section elementor-element elementor-element-898d7e4 elementor-section-boxed elementor-section-height-default elementor-section-height-default\" data-id=\"898d7e4\" data-element_type=\"section\" data-e-type=\"section\">\n\t\t\t\t\t\t<div class=\"elementor-container elementor-column-gap-default\">\n\t\t\t\t\t<div class=\"elementor-column elementor-col-100 elementor-top-column elementor-element elementor-element-fd3dec2\" data-id=\"fd3dec2\" data-element_type=\"column\" data-e-type=\"column\">\n\t\t\t<div class=\"elementor-widget-wrap elementor-element-populated\">\n\t\t\t\t\t\t<div class=\"elementor-element elementor-element-dd37115 elementor-widget elementor-widget-image\" data-id=\"dd37115\" data-element_type=\"widget\" data-e-type=\"widget\" data-widget_type=\"image.default\">\n\t\t\t\t<div class=\"elementor-widget-container\">\n\t\t\t\t\t\t\t\t\t\t\t\t\t\t\t<img fetchpriority=\"high\" decoding=\"async\" width=\"640\" height=\"160\" src=\"https:\/\/fortedabarra.pt\/wp-content\/uploads\/2020\/01\/logo-publico-1024x256.png\" class=\"attachment-large size-large wp-image-717\" alt=\"\" srcset=\"https:\/\/fortedabarra.pt\/wp-content\/uploads\/2020\/01\/logo-publico-1024x256.png 1024w, https:\/\/fortedabarra.pt\/wp-content\/uploads\/2020\/01\/logo-publico-300x75.png 300w, https:\/\/fortedabarra.pt\/wp-content\/uploads\/2020\/01\/logo-publico-768x192.png 768w, https:\/\/fortedabarra.pt\/wp-content\/uploads\/2020\/01\/logo-publico.png 1044w\" sizes=\"(max-width: 640px) 100vw, 640px\" \/>\t\t\t\t\t\t\t\t\t\t\t\t\t\t\t<\/div>\n\t\t\t\t<\/div>\n\t\t\t\t<div class=\"elementor-element elementor-element-2ca7401 elementor-widget elementor-widget-text-editor\" data-id=\"2ca7401\" data-element_type=\"widget\" data-e-type=\"widget\" data-widget_type=\"text-editor.default\">\n\t\t\t\t<div class=\"elementor-widget-container\">\n\t\t\t\t\t\t\t\t\t<p><span style=\"color: #727272;\"><i>O Forte da Barra de Aveiro, constru\u00eddo no s\u00e9culo XVII e virado para a ria, est\u00e1 sujeito a um concurso p\u00fablico de concess\u00e3o no \u00e2mbito do programa Revive, visando a sua utiliza\u00e7\u00e3o tur\u00edstica. Este \u00e9 o primeiro forte a ser alvo de tal iniciativa. Localizado na Gafanha da Nazar\u00e9, pode ser requalificado para abrigar uma unidade hoteleira, dependendo do interesse privado na proposta.<\/i><\/span><\/p><p><span style=\"font-weight: bold; color: #333333; font-family: Helvetica, sans-serif; font-size: 16px;\"><span style=\"background-color: var(--bs-body-bg); color: var( --e-global-color-text ); font-family: var( --e-global-typography-text-font-family ), Sans-serif;\">Not\u00edcia completa em <\/span><\/span><a href=\"https:\/\/www.publico.pt\/2020\/01\/30\/local\/noticia\/forte-barra-aveiro-ja-transformado-hotel-1902333\"><span style=\"background-color: var(--bs-body-bg); font-size: 16px;\"><span style=\"color: #727272;\"><b><u>publico.pt<\/u><\/b><\/span><\/span><\/a><\/p>\t\t\t\t\t\t\t\t<\/div>\n\t\t\t\t<\/div>\n\t\t\t\t<div class=\"elementor-element elementor-element-8fc5073 elementor-widget elementor-widget-image\" data-id=\"8fc5073\" data-element_type=\"widget\" data-e-type=\"widget\" data-widget_type=\"image.default\">\n\t\t\t\t<div class=\"elementor-widget-container\">\n\t\t\t\t\t\t\t\t\t\t\t\t<figure class=\"wp-caption\">\n\t\t\t\t\t\t\t\t\t\t<img decoding=\"async\" width=\"640\" height=\"427\" src=\"https:\/\/fortedabarra.pt\/wp-content\/uploads\/2023\/11\/publico2.jpeg\" class=\"attachment-large size-large wp-image-714\" alt=\"\" srcset=\"https:\/\/fortedabarra.pt\/wp-content\/uploads\/2023\/11\/publico2.jpeg 1000w, https:\/\/fortedabarra.pt\/wp-content\/uploads\/2023\/11\/publico2-300x200.jpeg 300w, https:\/\/fortedabarra.pt\/wp-content\/uploads\/2023\/11\/publico2-768x512.jpeg 768w\" sizes=\"(max-width: 640px) 100vw, 640px\" \/>\t\t\t\t\t\t\t\t\t\t\t<figcaption class=\"widget-image-caption wp-caption-text\">https:\/\/www.publico.pt\/<\/figcaption>\n\t\t\t\t\t\t\t\t\t\t<\/figure>\n\t\t\t\t\t\t\t\t\t<\/div>\n\t\t\t\t<\/div>\n\t\t\t\t<div class=\"elementor-element elementor-element-6241868 elementor-widget elementor-widget-image\" data-id=\"6241868\" data-element_type=\"widget\" data-e-type=\"widget\" data-widget_type=\"image.default\">\n\t\t\t\t<div class=\"elementor-widget-container\">\n\t\t\t\t\t\t\t\t\t\t\t\t<figure class=\"wp-caption\">\n\t\t\t\t\t\t\t\t\t\t<img decoding=\"async\" width=\"640\" height=\"428\" src=\"https:\/\/fortedabarra.pt\/wp-content\/uploads\/2023\/11\/publico3.png\" class=\"attachment-large size-large wp-image-713\" alt=\"\" srcset=\"https:\/\/fortedabarra.pt\/wp-content\/uploads\/2023\/11\/publico3.png 1014w, https:\/\/fortedabarra.pt\/wp-content\/uploads\/2023\/11\/publico3-300x201.png 300w, https:\/\/fortedabarra.pt\/wp-content\/uploads\/2023\/11\/publico3-768x514.png 768w\" sizes=\"(max-width: 640px) 100vw, 640px\" \/>\t\t\t\t\t\t\t\t\t\t\t<figcaption class=\"widget-image-caption wp-caption-text\">https:\/\/www.publico.pt\/<\/figcaption>\n\t\t\t\t\t\t\t\t\t\t<\/figure>\n\t\t\t\t\t\t\t\t\t<\/div>\n\t\t\t\t<\/div>\n\t\t\t\t\t<\/div>\n\t\t<\/div>\n\t\t\t\t\t<\/div>\n\t\t<\/section>\n\t\t\t\t<\/div>\n\t\t","protected":false},"excerpt":{"rendered":"<p>Not\u00edcia de publico.pt<\/p>\n","protected":false},"author":1,"featured_media":712,"comment_status":"open","ping_status":"closed","sticky":false,"template":"","format":"standard","meta":{"footnotes":""},"categories":[17],"tags":[],"class_list":["post-711","post","type-post","status-publish","format-standard","has-post-thumbnail","hentry","category-noticias"],"yoast_head":"<!-- This site is optimized with the Yoast SEO plugin v27.4 - https:\/\/yoast.com\/product\/yoast-seo-wordpress\/ -->\n<title>Forte da Barra de Aveiro j\u00e1 pode ser transformado num hotel - publico.pt - Forte da Barra<\/title>\n<meta name=\"description\" content=\"Forte da Barra de Aveiro, do s\u00e9culo XVII, \u00e9 objeto de concurso p\u00fablico no programa Revive para utiliza\u00e7\u00e3o tur\u00edstica. Poss\u00edvel requalifica\u00e7\u00e3o para unidade hoteleira. Primeiro forte a ser concedido sob este programa.\" \/>\n<meta name=\"robots\" content=\"index, follow, max-snippet:-1, max-image-preview:large, max-video-preview:-1\" \/>\n<link rel=\"canonical\" href=\"https:\/\/fortedabarra.pt\/index.php\/2020\/01\/30\/forte-barra-transformado-hotel-publico\/\" \/>\n<meta property=\"og:locale\" content=\"pt_PT\" \/>\n<meta property=\"og:type\" content=\"article\" \/>\n<meta property=\"og:title\" content=\"Forte da Barra de Aveiro j\u00e1 pode ser transformado num hotel - publico.pt - Forte da Barra\" \/>\n<meta property=\"og:description\" content=\"Forte da Barra de Aveiro, do s\u00e9culo XVII, \u00e9 objeto de concurso p\u00fablico no programa Revive para utiliza\u00e7\u00e3o tur\u00edstica. Poss\u00edvel requalifica\u00e7\u00e3o para unidade hoteleira. Primeiro forte a ser concedido sob este programa.\" \/>\n<meta property=\"og:url\" content=\"https:\/\/fortedabarra.pt\/index.php\/2020\/01\/30\/forte-barra-transformado-hotel-publico\/\" \/>\n<meta property=\"og:site_name\" content=\"Forte da Barra\" \/>\n<meta property=\"article:published_time\" content=\"2020-01-30T17:20:00+00:00\" \/>\n<meta property=\"article:modified_time\" content=\"2023-11-23T11:36:10+00:00\" \/>\n<meta property=\"og:image\" content=\"https:\/\/fortedabarra.pt\/wp-content\/uploads\/2023\/11\/publico1.jpg\" \/>\n\t<meta property=\"og:image:width\" content=\"1000\" \/>\n\t<meta property=\"og:image:height\" content=\"667\" \/>\n\t<meta property=\"og:image:type\" content=\"image\/jpeg\" \/>\n<meta name=\"author\" content=\"admin\" \/>\n<meta name=\"twitter:card\" content=\"summary_large_image\" \/>\n<meta name=\"twitter:label1\" content=\"Escrito por\" \/>\n\t<meta name=\"twitter:data1\" content=\"admin\" \/>\n\t<meta name=\"twitter:label2\" content=\"Tempo estimado de leitura\" \/>\n\t<meta name=\"twitter:data2\" content=\"1 minuto\" \/>\n<script type=\"application\/ld+json\" class=\"yoast-schema-graph\">{\"@context\":\"https:\\\/\\\/schema.org\",\"@graph\":[{\"@type\":\"Article\",\"@id\":\"https:\\\/\\\/fortedabarra.pt\\\/index.php\\\/2020\\\/01\\\/30\\\/forte-barra-transformado-hotel-publico\\\/#article\",\"isPartOf\":{\"@id\":\"https:\\\/\\\/fortedabarra.pt\\\/index.php\\\/2020\\\/01\\\/30\\\/forte-barra-transformado-hotel-publico\\\/\"},\"author\":{\"name\":\"admin\",\"@id\":\"https:\\\/\\\/fortedabarra.pt\\\/#\\\/schema\\\/person\\\/09d964756c485bc152528d2588daf0b0\"},\"headline\":\"Forte da Barra de Aveiro j\u00e1 pode ser transformado num hotel &#8211; publico.pt\",\"datePublished\":\"2020-01-30T17:20:00+00:00\",\"dateModified\":\"2023-11-23T11:36:10+00:00\",\"mainEntityOfPage\":{\"@id\":\"https:\\\/\\\/fortedabarra.pt\\\/index.php\\\/2020\\\/01\\\/30\\\/forte-barra-transformado-hotel-publico\\\/\"},\"wordCount\":96,\"commentCount\":0,\"publisher\":{\"@id\":\"https:\\\/\\\/fortedabarra.pt\\\/#organization\"},\"image\":{\"@id\":\"https:\\\/\\\/fortedabarra.pt\\\/index.php\\\/2020\\\/01\\\/30\\\/forte-barra-transformado-hotel-publico\\\/#primaryimage\"},\"thumbnailUrl\":\"https:\\\/\\\/fortedabarra.pt\\\/wp-content\\\/uploads\\\/2023\\\/11\\\/publico1.jpg\",\"articleSection\":[\"Not\u00edcias\"],\"inLanguage\":\"pt-PT\",\"potentialAction\":[{\"@type\":\"CommentAction\",\"name\":\"Comment\",\"target\":[\"https:\\\/\\\/fortedabarra.pt\\\/index.php\\\/2020\\\/01\\\/30\\\/forte-barra-transformado-hotel-publico\\\/#respond\"]}]},{\"@type\":\"WebPage\",\"@id\":\"https:\\\/\\\/fortedabarra.pt\\\/index.php\\\/2020\\\/01\\\/30\\\/forte-barra-transformado-hotel-publico\\\/\",\"url\":\"https:\\\/\\\/fortedabarra.pt\\\/index.php\\\/2020\\\/01\\\/30\\\/forte-barra-transformado-hotel-publico\\\/\",\"name\":\"Forte da Barra de Aveiro j\u00e1 pode ser transformado num hotel - publico.pt - Forte da Barra\",\"isPartOf\":{\"@id\":\"https:\\\/\\\/fortedabarra.pt\\\/#website\"},\"primaryImageOfPage\":{\"@id\":\"https:\\\/\\\/fortedabarra.pt\\\/index.php\\\/2020\\\/01\\\/30\\\/forte-barra-transformado-hotel-publico\\\/#primaryimage\"},\"image\":{\"@id\":\"https:\\\/\\\/fortedabarra.pt\\\/index.php\\\/2020\\\/01\\\/30\\\/forte-barra-transformado-hotel-publico\\\/#primaryimage\"},\"thumbnailUrl\":\"https:\\\/\\\/fortedabarra.pt\\\/wp-content\\\/uploads\\\/2023\\\/11\\\/publico1.jpg\",\"datePublished\":\"2020-01-30T17:20:00+00:00\",\"dateModified\":\"2023-11-23T11:36:10+00:00\",\"description\":\"Forte da Barra de Aveiro, do s\u00e9culo XVII, \u00e9 objeto de concurso p\u00fablico no programa Revive para utiliza\u00e7\u00e3o tur\u00edstica. Poss\u00edvel requalifica\u00e7\u00e3o para unidade hoteleira. Primeiro forte a ser concedido sob este programa.\",\"breadcrumb\":{\"@id\":\"https:\\\/\\\/fortedabarra.pt\\\/index.php\\\/2020\\\/01\\\/30\\\/forte-barra-transformado-hotel-publico\\\/#breadcrumb\"},\"inLanguage\":\"pt-PT\",\"potentialAction\":[{\"@type\":\"ReadAction\",\"target\":[\"https:\\\/\\\/fortedabarra.pt\\\/index.php\\\/2020\\\/01\\\/30\\\/forte-barra-transformado-hotel-publico\\\/\"]}]},{\"@type\":\"ImageObject\",\"inLanguage\":\"pt-PT\",\"@id\":\"https:\\\/\\\/fortedabarra.pt\\\/index.php\\\/2020\\\/01\\\/30\\\/forte-barra-transformado-hotel-publico\\\/#primaryimage\",\"url\":\"https:\\\/\\\/fortedabarra.pt\\\/wp-content\\\/uploads\\\/2023\\\/11\\\/publico1.jpg\",\"contentUrl\":\"https:\\\/\\\/fortedabarra.pt\\\/wp-content\\\/uploads\\\/2023\\\/11\\\/publico1.jpg\",\"width\":1000,\"height\":667},{\"@type\":\"BreadcrumbList\",\"@id\":\"https:\\\/\\\/fortedabarra.pt\\\/index.php\\\/2020\\\/01\\\/30\\\/forte-barra-transformado-hotel-publico\\\/#breadcrumb\",\"itemListElement\":[{\"@type\":\"ListItem\",\"position\":1,\"name\":\"Home\",\"item\":\"https:\\\/\\\/fortedabarra.pt\\\/\"},{\"@type\":\"ListItem\",\"position\":2,\"name\":\"Forte da Barra de Aveiro j\u00e1 pode ser transformado num hotel &#8211; publico.pt\"}]},{\"@type\":\"WebSite\",\"@id\":\"https:\\\/\\\/fortedabarra.pt\\\/#website\",\"url\":\"https:\\\/\\\/fortedabarra.pt\\\/\",\"name\":\"Forte da Barra\",\"description\":\"Empreendimento do FORTE da BARRA Um legado\u00a0para\u00a0o\u00a0futuro!\",\"publisher\":{\"@id\":\"https:\\\/\\\/fortedabarra.pt\\\/#organization\"},\"potentialAction\":[{\"@type\":\"SearchAction\",\"target\":{\"@type\":\"EntryPoint\",\"urlTemplate\":\"https:\\\/\\\/fortedabarra.pt\\\/?s={search_term_string}\"},\"query-input\":{\"@type\":\"PropertyValueSpecification\",\"valueRequired\":true,\"valueName\":\"search_term_string\"}}],\"inLanguage\":\"pt-PT\"},{\"@type\":\"Organization\",\"@id\":\"https:\\\/\\\/fortedabarra.pt\\\/#organization\",\"name\":\"Forte da Barra\",\"url\":\"https:\\\/\\\/fortedabarra.pt\\\/\",\"logo\":{\"@type\":\"ImageObject\",\"inLanguage\":\"pt-PT\",\"@id\":\"https:\\\/\\\/fortedabarra.pt\\\/#\\\/schema\\\/logo\\\/image\\\/\",\"url\":\"https:\\\/\\\/fortedabarra.pt\\\/wp-content\\\/uploads\\\/2023\\\/08\\\/cropped-Forte-da-Barra_logo-site.png\",\"contentUrl\":\"https:\\\/\\\/fortedabarra.pt\\\/wp-content\\\/uploads\\\/2023\\\/08\\\/cropped-Forte-da-Barra_logo-site.png\",\"width\":292,\"height\":292,\"caption\":\"Forte da Barra\"},\"image\":{\"@id\":\"https:\\\/\\\/fortedabarra.pt\\\/#\\\/schema\\\/logo\\\/image\\\/\"}},{\"@type\":\"Person\",\"@id\":\"https:\\\/\\\/fortedabarra.pt\\\/#\\\/schema\\\/person\\\/09d964756c485bc152528d2588daf0b0\",\"name\":\"admin\",\"image\":{\"@type\":\"ImageObject\",\"inLanguage\":\"pt-PT\",\"@id\":\"https:\\\/\\\/secure.gravatar.com\\\/avatar\\\/e950148aedbe92945bbd9f0fe59c5bda5fdcc7733832f92122b6761a8592dbd8?s=96&d=mm&r=g\",\"url\":\"https:\\\/\\\/secure.gravatar.com\\\/avatar\\\/e950148aedbe92945bbd9f0fe59c5bda5fdcc7733832f92122b6761a8592dbd8?s=96&d=mm&r=g\",\"contentUrl\":\"https:\\\/\\\/secure.gravatar.com\\\/avatar\\\/e950148aedbe92945bbd9f0fe59c5bda5fdcc7733832f92122b6761a8592dbd8?s=96&d=mm&r=g\",\"caption\":\"admin\"},\"sameAs\":[\"https:\\\/\\\/fortedabarra.pt\"],\"url\":\"https:\\\/\\\/fortedabarra.pt\\\/index.php\\\/author\\\/admin-forte\\\/\"}]}<\/script>\n<!-- \/ Yoast SEO plugin. -->","yoast_head_json":{"title":"Forte da Barra de Aveiro j\u00e1 pode ser transformado num hotel - publico.pt - Forte da Barra","description":"Forte da Barra de Aveiro, do s\u00e9culo XVII, \u00e9 objeto de concurso p\u00fablico no programa Revive para utiliza\u00e7\u00e3o tur\u00edstica. Poss\u00edvel requalifica\u00e7\u00e3o para unidade hoteleira. Primeiro forte a ser concedido sob este programa.","robots":{"index":"index","follow":"follow","max-snippet":"max-snippet:-1","max-image-preview":"max-image-preview:large","max-video-preview":"max-video-preview:-1"},"canonical":"https:\/\/fortedabarra.pt\/index.php\/2020\/01\/30\/forte-barra-transformado-hotel-publico\/","og_locale":"pt_PT","og_type":"article","og_title":"Forte da Barra de Aveiro j\u00e1 pode ser transformado num hotel - publico.pt - Forte da Barra","og_description":"Forte da Barra de Aveiro, do s\u00e9culo XVII, \u00e9 objeto de concurso p\u00fablico no programa Revive para utiliza\u00e7\u00e3o tur\u00edstica. Poss\u00edvel requalifica\u00e7\u00e3o para unidade hoteleira. Primeiro forte a ser concedido sob este programa.","og_url":"https:\/\/fortedabarra.pt\/index.php\/2020\/01\/30\/forte-barra-transformado-hotel-publico\/","og_site_name":"Forte da Barra","article_published_time":"2020-01-30T17:20:00+00:00","article_modified_time":"2023-11-23T11:36:10+00:00","og_image":[{"width":1000,"height":667,"url":"https:\/\/fortedabarra.pt\/wp-content\/uploads\/2023\/11\/publico1.jpg","type":"image\/jpeg"}],"author":"admin","twitter_card":"summary_large_image","twitter_misc":{"Escrito por":"admin","Tempo estimado de leitura":"1 minuto"},"schema":{"@context":"https:\/\/schema.org","@graph":[{"@type":"Article","@id":"https:\/\/fortedabarra.pt\/index.php\/2020\/01\/30\/forte-barra-transformado-hotel-publico\/#article","isPartOf":{"@id":"https:\/\/fortedabarra.pt\/index.php\/2020\/01\/30\/forte-barra-transformado-hotel-publico\/"},"author":{"name":"admin","@id":"https:\/\/fortedabarra.pt\/#\/schema\/person\/09d964756c485bc152528d2588daf0b0"},"headline":"Forte da Barra de Aveiro j\u00e1 pode ser transformado num hotel &#8211; publico.pt","datePublished":"2020-01-30T17:20:00+00:00","dateModified":"2023-11-23T11:36:10+00:00","mainEntityOfPage":{"@id":"https:\/\/fortedabarra.pt\/index.php\/2020\/01\/30\/forte-barra-transformado-hotel-publico\/"},"wordCount":96,"commentCount":0,"publisher":{"@id":"https:\/\/fortedabarra.pt\/#organization"},"image":{"@id":"https:\/\/fortedabarra.pt\/index.php\/2020\/01\/30\/forte-barra-transformado-hotel-publico\/#primaryimage"},"thumbnailUrl":"https:\/\/fortedabarra.pt\/wp-content\/uploads\/2023\/11\/publico1.jpg","articleSection":["Not\u00edcias"],"inLanguage":"pt-PT","potentialAction":[{"@type":"CommentAction","name":"Comment","target":["https:\/\/fortedabarra.pt\/index.php\/2020\/01\/30\/forte-barra-transformado-hotel-publico\/#respond"]}]},{"@type":"WebPage","@id":"https:\/\/fortedabarra.pt\/index.php\/2020\/01\/30\/forte-barra-transformado-hotel-publico\/","url":"https:\/\/fortedabarra.pt\/index.php\/2020\/01\/30\/forte-barra-transformado-hotel-publico\/","name":"Forte da Barra de Aveiro j\u00e1 pode ser transformado num hotel - publico.pt - Forte da Barra","isPartOf":{"@id":"https:\/\/fortedabarra.pt\/#website"},"primaryImageOfPage":{"@id":"https:\/\/fortedabarra.pt\/index.php\/2020\/01\/30\/forte-barra-transformado-hotel-publico\/#primaryimage"},"image":{"@id":"https:\/\/fortedabarra.pt\/index.php\/2020\/01\/30\/forte-barra-transformado-hotel-publico\/#primaryimage"},"thumbnailUrl":"https:\/\/fortedabarra.pt\/wp-content\/uploads\/2023\/11\/publico1.jpg","datePublished":"2020-01-30T17:20:00+00:00","dateModified":"2023-11-23T11:36:10+00:00","description":"Forte da Barra de Aveiro, do s\u00e9culo XVII, \u00e9 objeto de concurso p\u00fablico no programa Revive para utiliza\u00e7\u00e3o tur\u00edstica. Poss\u00edvel requalifica\u00e7\u00e3o para unidade hoteleira. Primeiro forte a ser concedido sob este programa.","breadcrumb":{"@id":"https:\/\/fortedabarra.pt\/index.php\/2020\/01\/30\/forte-barra-transformado-hotel-publico\/#breadcrumb"},"inLanguage":"pt-PT","potentialAction":[{"@type":"ReadAction","target":["https:\/\/fortedabarra.pt\/index.php\/2020\/01\/30\/forte-barra-transformado-hotel-publico\/"]}]},{"@type":"ImageObject","inLanguage":"pt-PT","@id":"https:\/\/fortedabarra.pt\/index.php\/2020\/01\/30\/forte-barra-transformado-hotel-publico\/#primaryimage","url":"https:\/\/fortedabarra.pt\/wp-content\/uploads\/2023\/11\/publico1.jpg","contentUrl":"https:\/\/fortedabarra.pt\/wp-content\/uploads\/2023\/11\/publico1.jpg","width":1000,"height":667},{"@type":"BreadcrumbList","@id":"https:\/\/fortedabarra.pt\/index.php\/2020\/01\/30\/forte-barra-transformado-hotel-publico\/#breadcrumb","itemListElement":[{"@type":"ListItem","position":1,"name":"Home","item":"https:\/\/fortedabarra.pt\/"},{"@type":"ListItem","position":2,"name":"Forte da Barra de Aveiro j\u00e1 pode ser transformado num hotel &#8211; publico.pt"}]},{"@type":"WebSite","@id":"https:\/\/fortedabarra.pt\/#website","url":"https:\/\/fortedabarra.pt\/","name":"Forte da Barra","description":"Empreendimento do FORTE da BARRA Um legado\u00a0para\u00a0o\u00a0futuro!","publisher":{"@id":"https:\/\/fortedabarra.pt\/#organization"},"potentialAction":[{"@type":"SearchAction","target":{"@type":"EntryPoint","urlTemplate":"https:\/\/fortedabarra.pt\/?s={search_term_string}"},"query-input":{"@type":"PropertyValueSpecification","valueRequired":true,"valueName":"search_term_string"}}],"inLanguage":"pt-PT"},{"@type":"Organization","@id":"https:\/\/fortedabarra.pt\/#organization","name":"Forte da Barra","url":"https:\/\/fortedabarra.pt\/","logo":{"@type":"ImageObject","inLanguage":"pt-PT","@id":"https:\/\/fortedabarra.pt\/#\/schema\/logo\/image\/","url":"https:\/\/fortedabarra.pt\/wp-content\/uploads\/2023\/08\/cropped-Forte-da-Barra_logo-site.png","contentUrl":"https:\/\/fortedabarra.pt\/wp-content\/uploads\/2023\/08\/cropped-Forte-da-Barra_logo-site.png","width":292,"height":292,"caption":"Forte da Barra"},"image":{"@id":"https:\/\/fortedabarra.pt\/#\/schema\/logo\/image\/"}},{"@type":"Person","@id":"https:\/\/fortedabarra.pt\/#\/schema\/person\/09d964756c485bc152528d2588daf0b0","name":"admin","image":{"@type":"ImageObject","inLanguage":"pt-PT","@id":"https:\/\/secure.gravatar.com\/avatar\/e950148aedbe92945bbd9f0fe59c5bda5fdcc7733832f92122b6761a8592dbd8?s=96&d=mm&r=g","url":"https:\/\/secure.gravatar.com\/avatar\/e950148aedbe92945bbd9f0fe59c5bda5fdcc7733832f92122b6761a8592dbd8?s=96&d=mm&r=g","contentUrl":"https:\/\/secure.gravatar.com\/avatar\/e950148aedbe92945bbd9f0fe59c5bda5fdcc7733832f92122b6761a8592dbd8?s=96&d=mm&r=g","caption":"admin"},"sameAs":["https:\/\/fortedabarra.pt"],"url":"https:\/\/fortedabarra.pt\/index.php\/author\/admin-forte\/"}]}},"_links":{"self":[{"href":"https:\/\/fortedabarra.pt\/index.php\/wp-json\/wp\/v2\/posts\/711","targetHints":{"allow":["GET"]}}],"collection":[{"href":"https:\/\/fortedabarra.pt\/index.php\/wp-json\/wp\/v2\/posts"}],"about":[{"href":"https:\/\/fortedabarra.pt\/index.php\/wp-json\/wp\/v2\/types\/post"}],"author":[{"embeddable":true,"href":"https:\/\/fortedabarra.pt\/index.php\/wp-json\/wp\/v2\/users\/1"}],"replies":[{"embeddable":true,"href":"https:\/\/fortedabarra.pt\/index.php\/wp-json\/wp\/v2\/comments?post=711"}],"version-history":[{"count":4,"href":"https:\/\/fortedabarra.pt\/index.php\/wp-json\/wp\/v2\/posts\/711\/revisions"}],"predecessor-version":[{"id":720,"href":"https:\/\/fortedabarra.pt\/index.php\/wp-json\/wp\/v2\/posts\/711\/revisions\/720"}],"wp:featuredmedia":[{"embeddable":true,"href":"https:\/\/fortedabarra.pt\/index.php\/wp-json\/wp\/v2\/media\/712"}],"wp:attachment":[{"href":"https:\/\/fortedabarra.pt\/index.php\/wp-json\/wp\/v2\/media?parent=711"}],"wp:term":[{"taxonomy":"category","embeddable":true,"href":"https:\/\/fortedabarra.pt\/index.php\/wp-json\/wp\/v2\/categories?post=711"},{"taxonomy":"post_tag","embeddable":true,"href":"https:\/\/fortedabarra.pt\/index.php\/wp-json\/wp\/v2\/tags?post=711"}],"curies":[{"name":"wp","href":"https:\/\/api.w.org\/{rel}","templated":true}]}}