{"id":686,"date":"2020-10-30T16:47:00","date_gmt":"2020-10-30T16:47:00","guid":{"rendered":"https:\/\/fortedabarra.pt\/?p=686"},"modified":"2023-11-22T17:00:54","modified_gmt":"2023-11-22T17:00:54","slug":"am-pm-forte-barra-vidaimobiliaria","status":"publish","type":"post","link":"https:\/\/fortedabarra.pt\/index.php\/2020\/10\/30\/am-pm-forte-barra-vidaimobiliaria\/","title":{"rendered":"AM + PM requalifica Forte da Barra de Aveiro &#8211; vidaimobiliaria.com"},"content":{"rendered":"\t\t<div data-elementor-type=\"wp-post\" data-elementor-id=\"686\" class=\"elementor elementor-686\">\n\t\t\t\t\t\t<section class=\"elementor-section elementor-top-section elementor-element elementor-element-656026a elementor-section-boxed elementor-section-height-default elementor-section-height-default\" data-id=\"656026a\" data-element_type=\"section\" data-e-type=\"section\">\n\t\t\t\t\t\t<div class=\"elementor-container elementor-column-gap-default\">\n\t\t\t\t\t<div class=\"elementor-column elementor-col-100 elementor-top-column elementor-element elementor-element-b60ad58\" data-id=\"b60ad58\" data-element_type=\"column\" data-e-type=\"column\">\n\t\t\t<div class=\"elementor-widget-wrap elementor-element-populated\">\n\t\t\t\t\t\t<div class=\"elementor-element elementor-element-ce09143 elementor-widget elementor-widget-image\" data-id=\"ce09143\" data-element_type=\"widget\" data-e-type=\"widget\" data-widget_type=\"image.default\">\n\t\t\t\t<div class=\"elementor-widget-container\">\n\t\t\t\t\t\t\t\t\t\t\t\t\t\t\t<img fetchpriority=\"high\" decoding=\"async\" width=\"640\" height=\"160\" src=\"https:\/\/fortedabarra.pt\/wp-content\/uploads\/2020\/10\/logo-vidaimobiliaria-1024x256.png\" class=\"attachment-large size-large wp-image-690\" alt=\"\" srcset=\"https:\/\/fortedabarra.pt\/wp-content\/uploads\/2020\/10\/logo-vidaimobiliaria-1024x256.png 1024w, https:\/\/fortedabarra.pt\/wp-content\/uploads\/2020\/10\/logo-vidaimobiliaria-300x75.png 300w, https:\/\/fortedabarra.pt\/wp-content\/uploads\/2020\/10\/logo-vidaimobiliaria-768x192.png 768w, https:\/\/fortedabarra.pt\/wp-content\/uploads\/2020\/10\/logo-vidaimobiliaria.png 1044w\" sizes=\"(max-width: 640px) 100vw, 640px\" \/>\t\t\t\t\t\t\t\t\t\t\t\t\t\t\t<\/div>\n\t\t\t\t<\/div>\n\t\t\t\t<div class=\"elementor-element elementor-element-7e118a6 elementor-widget elementor-widget-text-editor\" data-id=\"7e118a6\" data-element_type=\"widget\" data-e-type=\"widget\" data-widget_type=\"text-editor.default\">\n\t\t\t\t<div class=\"elementor-widget-container\">\n\t\t\t\t\t\t\t\t\t<p><span style=\"color: #727272;\"><i>O Forte da Barra de Aveiro, uma fortifica\u00e7\u00e3o do s\u00e9culo XVII, agora concede-se por 50 anos para explora\u00e7\u00e3o tur\u00edstica, com renda anual de 6.500 euros. Localizado estrategicamente na ilha da M\u00f3 de Baixo, no Porto de Aveiro, perdeu sua relev\u00e2ncia defensiva no s\u00e9culo XIX, sendo posteriormente desativado das fun\u00e7\u00f5es militares. Este \u00e9 um dos 22 im\u00f3veis abrangidos pelo Programa Revive, que j\u00e1 adjudicou 18 concess\u00f5es, representando um investimento de cerca de 138,6 milh\u00f5es de euros para o Estado.<\/i><\/span><\/p><p><span style=\"font-weight: bold; color: #333333; font-family: Helvetica, sans-serif; font-size: 16px;\"><span style=\"background-color: var(--bs-body-bg); color: var( --e-global-color-text ); font-family: var( --e-global-typography-text-font-family ), Sans-serif;\">Not\u00edcia completa em\u00a0<\/span><\/span><a href=\"https:\/\/vidaimobiliaria.com\/noticias\/reabilitacao-urbana\/am-pm-requalifica-forte-barra-aveiro\/\"><span style=\"background-color: var(--bs-body-bg); font-size: 16px;\"><span style=\"color: #727272;\"><b><u>vidaimobiliaria.com<\/u><\/b><\/span><\/span><\/a><\/p>\t\t\t\t\t\t\t\t<\/div>\n\t\t\t\t<\/div>\n\t\t\t\t\t<\/div>\n\t\t<\/div>\n\t\t\t\t\t<\/div>\n\t\t<\/section>\n\t\t\t\t<\/div>\n\t\t","protected":false},"excerpt":{"rendered":"<p>Not\u00edcia de vidaimobiliaria.com<\/p>\n","protected":false},"author":1,"featured_media":260,"comment_status":"closed","ping_status":"closed","sticky":false,"template":"","format":"standard","meta":{"footnotes":""},"categories":[17],"tags":[],"class_list":["post-686","post","type-post","status-publish","format-standard","has-post-thumbnail","hentry","category-noticias"],"yoast_head":"<!-- This site is optimized with the Yoast SEO plugin v27.4 - https:\/\/yoast.com\/product\/yoast-seo-wordpress\/ -->\n<title>AM + PM requalifica Forte da Barra de Aveiro - vidaimobiliaria.com - Forte da Barra<\/title>\n<meta name=\"description\" content=\"Concess\u00e3o do Forte da Barra de Aveiro, s\u00e9culo XVII, para explora\u00e7\u00e3o tur\u00edstica por 50 anos, renda anual de 6.500 euros. Programa Revive contempla 22 im\u00f3veis, j\u00e1 com 18 concess\u00f5es adjudicadas, representando significativo investimento estatal.\" \/>\n<meta name=\"robots\" content=\"index, follow, max-snippet:-1, max-image-preview:large, max-video-preview:-1\" \/>\n<link rel=\"canonical\" href=\"https:\/\/fortedabarra.pt\/index.php\/2020\/10\/30\/am-pm-forte-barra-vidaimobiliaria\/\" \/>\n<meta property=\"og:locale\" content=\"pt_PT\" \/>\n<meta property=\"og:type\" content=\"article\" \/>\n<meta property=\"og:title\" content=\"AM + PM requalifica Forte da Barra de Aveiro - vidaimobiliaria.com - Forte da Barra\" \/>\n<meta property=\"og:description\" content=\"Concess\u00e3o do Forte da Barra de Aveiro, s\u00e9culo XVII, para explora\u00e7\u00e3o tur\u00edstica por 50 anos, renda anual de 6.500 euros. Programa Revive contempla 22 im\u00f3veis, j\u00e1 com 18 concess\u00f5es adjudicadas, representando significativo investimento estatal.\" \/>\n<meta property=\"og:url\" content=\"https:\/\/fortedabarra.pt\/index.php\/2020\/10\/30\/am-pm-forte-barra-vidaimobiliaria\/\" \/>\n<meta property=\"og:site_name\" content=\"Forte da Barra\" \/>\n<meta property=\"article:published_time\" content=\"2020-10-30T16:47:00+00:00\" \/>\n<meta property=\"article:modified_time\" content=\"2023-11-22T17:00:54+00:00\" \/>\n<meta property=\"og:image\" content=\"https:\/\/fortedabarra.pt\/wp-content\/uploads\/2023\/08\/IMG_6396.jpg\" \/>\n\t<meta property=\"og:image:width\" content=\"1000\" \/>\n\t<meta property=\"og:image:height\" content=\"667\" \/>\n\t<meta property=\"og:image:type\" content=\"image\/jpeg\" \/>\n<meta name=\"author\" content=\"admin\" \/>\n<meta name=\"twitter:card\" content=\"summary_large_image\" \/>\n<meta name=\"twitter:label1\" content=\"Escrito por\" \/>\n\t<meta name=\"twitter:data1\" content=\"admin\" \/>\n\t<meta name=\"twitter:label2\" content=\"Tempo estimado de leitura\" \/>\n\t<meta name=\"twitter:data2\" content=\"1 minuto\" \/>\n<script type=\"application\/ld+json\" class=\"yoast-schema-graph\">{\"@context\":\"https:\\\/\\\/schema.org\",\"@graph\":[{\"@type\":\"Article\",\"@id\":\"https:\\\/\\\/fortedabarra.pt\\\/index.php\\\/2020\\\/10\\\/30\\\/am-pm-forte-barra-vidaimobiliaria\\\/#article\",\"isPartOf\":{\"@id\":\"https:\\\/\\\/fortedabarra.pt\\\/index.php\\\/2020\\\/10\\\/30\\\/am-pm-forte-barra-vidaimobiliaria\\\/\"},\"author\":{\"name\":\"admin\",\"@id\":\"https:\\\/\\\/fortedabarra.pt\\\/#\\\/schema\\\/person\\\/09d964756c485bc152528d2588daf0b0\"},\"headline\":\"AM + PM requalifica Forte da Barra de Aveiro &#8211; vidaimobiliaria.com\",\"datePublished\":\"2020-10-30T16:47:00+00:00\",\"dateModified\":\"2023-11-22T17:00:54+00:00\",\"mainEntityOfPage\":{\"@id\":\"https:\\\/\\\/fortedabarra.pt\\\/index.php\\\/2020\\\/10\\\/30\\\/am-pm-forte-barra-vidaimobiliaria\\\/\"},\"wordCount\":99,\"publisher\":{\"@id\":\"https:\\\/\\\/fortedabarra.pt\\\/#organization\"},\"image\":{\"@id\":\"https:\\\/\\\/fortedabarra.pt\\\/index.php\\\/2020\\\/10\\\/30\\\/am-pm-forte-barra-vidaimobiliaria\\\/#primaryimage\"},\"thumbnailUrl\":\"https:\\\/\\\/fortedabarra.pt\\\/wp-content\\\/uploads\\\/2023\\\/08\\\/IMG_6396.jpg\",\"articleSection\":[\"Not\u00edcias\"],\"inLanguage\":\"pt-PT\"},{\"@type\":\"WebPage\",\"@id\":\"https:\\\/\\\/fortedabarra.pt\\\/index.php\\\/2020\\\/10\\\/30\\\/am-pm-forte-barra-vidaimobiliaria\\\/\",\"url\":\"https:\\\/\\\/fortedabarra.pt\\\/index.php\\\/2020\\\/10\\\/30\\\/am-pm-forte-barra-vidaimobiliaria\\\/\",\"name\":\"AM + PM requalifica Forte da Barra de Aveiro - vidaimobiliaria.com - Forte da Barra\",\"isPartOf\":{\"@id\":\"https:\\\/\\\/fortedabarra.pt\\\/#website\"},\"primaryImageOfPage\":{\"@id\":\"https:\\\/\\\/fortedabarra.pt\\\/index.php\\\/2020\\\/10\\\/30\\\/am-pm-forte-barra-vidaimobiliaria\\\/#primaryimage\"},\"image\":{\"@id\":\"https:\\\/\\\/fortedabarra.pt\\\/index.php\\\/2020\\\/10\\\/30\\\/am-pm-forte-barra-vidaimobiliaria\\\/#primaryimage\"},\"thumbnailUrl\":\"https:\\\/\\\/fortedabarra.pt\\\/wp-content\\\/uploads\\\/2023\\\/08\\\/IMG_6396.jpg\",\"datePublished\":\"2020-10-30T16:47:00+00:00\",\"dateModified\":\"2023-11-22T17:00:54+00:00\",\"description\":\"Concess\u00e3o do Forte da Barra de Aveiro, s\u00e9culo XVII, para explora\u00e7\u00e3o tur\u00edstica por 50 anos, renda anual de 6.500 euros. Programa Revive contempla 22 im\u00f3veis, j\u00e1 com 18 concess\u00f5es adjudicadas, representando significativo investimento estatal.\",\"breadcrumb\":{\"@id\":\"https:\\\/\\\/fortedabarra.pt\\\/index.php\\\/2020\\\/10\\\/30\\\/am-pm-forte-barra-vidaimobiliaria\\\/#breadcrumb\"},\"inLanguage\":\"pt-PT\",\"potentialAction\":[{\"@type\":\"ReadAction\",\"target\":[\"https:\\\/\\\/fortedabarra.pt\\\/index.php\\\/2020\\\/10\\\/30\\\/am-pm-forte-barra-vidaimobiliaria\\\/\"]}]},{\"@type\":\"ImageObject\",\"inLanguage\":\"pt-PT\",\"@id\":\"https:\\\/\\\/fortedabarra.pt\\\/index.php\\\/2020\\\/10\\\/30\\\/am-pm-forte-barra-vidaimobiliaria\\\/#primaryimage\",\"url\":\"https:\\\/\\\/fortedabarra.pt\\\/wp-content\\\/uploads\\\/2023\\\/08\\\/IMG_6396.jpg\",\"contentUrl\":\"https:\\\/\\\/fortedabarra.pt\\\/wp-content\\\/uploads\\\/2023\\\/08\\\/IMG_6396.jpg\",\"width\":1000,\"height\":667},{\"@type\":\"BreadcrumbList\",\"@id\":\"https:\\\/\\\/fortedabarra.pt\\\/index.php\\\/2020\\\/10\\\/30\\\/am-pm-forte-barra-vidaimobiliaria\\\/#breadcrumb\",\"itemListElement\":[{\"@type\":\"ListItem\",\"position\":1,\"name\":\"Home\",\"item\":\"https:\\\/\\\/fortedabarra.pt\\\/\"},{\"@type\":\"ListItem\",\"position\":2,\"name\":\"AM + PM requalifica Forte da Barra de Aveiro &#8211; vidaimobiliaria.com\"}]},{\"@type\":\"WebSite\",\"@id\":\"https:\\\/\\\/fortedabarra.pt\\\/#website\",\"url\":\"https:\\\/\\\/fortedabarra.pt\\\/\",\"name\":\"Forte da Barra\",\"description\":\"Empreendimento do FORTE da BARRA Um legado\u00a0para\u00a0o\u00a0futuro!\",\"publisher\":{\"@id\":\"https:\\\/\\\/fortedabarra.pt\\\/#organization\"},\"potentialAction\":[{\"@type\":\"SearchAction\",\"target\":{\"@type\":\"EntryPoint\",\"urlTemplate\":\"https:\\\/\\\/fortedabarra.pt\\\/?s={search_term_string}\"},\"query-input\":{\"@type\":\"PropertyValueSpecification\",\"valueRequired\":true,\"valueName\":\"search_term_string\"}}],\"inLanguage\":\"pt-PT\"},{\"@type\":\"Organization\",\"@id\":\"https:\\\/\\\/fortedabarra.pt\\\/#organization\",\"name\":\"Forte da Barra\",\"url\":\"https:\\\/\\\/fortedabarra.pt\\\/\",\"logo\":{\"@type\":\"ImageObject\",\"inLanguage\":\"pt-PT\",\"@id\":\"https:\\\/\\\/fortedabarra.pt\\\/#\\\/schema\\\/logo\\\/image\\\/\",\"url\":\"https:\\\/\\\/fortedabarra.pt\\\/wp-content\\\/uploads\\\/2023\\\/08\\\/cropped-Forte-da-Barra_logo-site.png\",\"contentUrl\":\"https:\\\/\\\/fortedabarra.pt\\\/wp-content\\\/uploads\\\/2023\\\/08\\\/cropped-Forte-da-Barra_logo-site.png\",\"width\":292,\"height\":292,\"caption\":\"Forte da Barra\"},\"image\":{\"@id\":\"https:\\\/\\\/fortedabarra.pt\\\/#\\\/schema\\\/logo\\\/image\\\/\"}},{\"@type\":\"Person\",\"@id\":\"https:\\\/\\\/fortedabarra.pt\\\/#\\\/schema\\\/person\\\/09d964756c485bc152528d2588daf0b0\",\"name\":\"admin\",\"image\":{\"@type\":\"ImageObject\",\"inLanguage\":\"pt-PT\",\"@id\":\"https:\\\/\\\/secure.gravatar.com\\\/avatar\\\/e950148aedbe92945bbd9f0fe59c5bda5fdcc7733832f92122b6761a8592dbd8?s=96&d=mm&r=g\",\"url\":\"https:\\\/\\\/secure.gravatar.com\\\/avatar\\\/e950148aedbe92945bbd9f0fe59c5bda5fdcc7733832f92122b6761a8592dbd8?s=96&d=mm&r=g\",\"contentUrl\":\"https:\\\/\\\/secure.gravatar.com\\\/avatar\\\/e950148aedbe92945bbd9f0fe59c5bda5fdcc7733832f92122b6761a8592dbd8?s=96&d=mm&r=g\",\"caption\":\"admin\"},\"sameAs\":[\"https:\\\/\\\/fortedabarra.pt\"],\"url\":\"https:\\\/\\\/fortedabarra.pt\\\/index.php\\\/author\\\/admin-forte\\\/\"}]}<\/script>\n<!-- \/ Yoast SEO plugin. -->","yoast_head_json":{"title":"AM + PM requalifica Forte da Barra de Aveiro - vidaimobiliaria.com - Forte da Barra","description":"Concess\u00e3o do Forte da Barra de Aveiro, s\u00e9culo XVII, para explora\u00e7\u00e3o tur\u00edstica por 50 anos, renda anual de 6.500 euros. Programa Revive contempla 22 im\u00f3veis, j\u00e1 com 18 concess\u00f5es adjudicadas, representando significativo investimento estatal.","robots":{"index":"index","follow":"follow","max-snippet":"max-snippet:-1","max-image-preview":"max-image-preview:large","max-video-preview":"max-video-preview:-1"},"canonical":"https:\/\/fortedabarra.pt\/index.php\/2020\/10\/30\/am-pm-forte-barra-vidaimobiliaria\/","og_locale":"pt_PT","og_type":"article","og_title":"AM + PM requalifica Forte da Barra de Aveiro - vidaimobiliaria.com - Forte da Barra","og_description":"Concess\u00e3o do Forte da Barra de Aveiro, s\u00e9culo XVII, para explora\u00e7\u00e3o tur\u00edstica por 50 anos, renda anual de 6.500 euros. Programa Revive contempla 22 im\u00f3veis, j\u00e1 com 18 concess\u00f5es adjudicadas, representando significativo investimento estatal.","og_url":"https:\/\/fortedabarra.pt\/index.php\/2020\/10\/30\/am-pm-forte-barra-vidaimobiliaria\/","og_site_name":"Forte da Barra","article_published_time":"2020-10-30T16:47:00+00:00","article_modified_time":"2023-11-22T17:00:54+00:00","og_image":[{"width":1000,"height":667,"url":"https:\/\/fortedabarra.pt\/wp-content\/uploads\/2023\/08\/IMG_6396.jpg","type":"image\/jpeg"}],"author":"admin","twitter_card":"summary_large_image","twitter_misc":{"Escrito por":"admin","Tempo estimado de leitura":"1 minuto"},"schema":{"@context":"https:\/\/schema.org","@graph":[{"@type":"Article","@id":"https:\/\/fortedabarra.pt\/index.php\/2020\/10\/30\/am-pm-forte-barra-vidaimobiliaria\/#article","isPartOf":{"@id":"https:\/\/fortedabarra.pt\/index.php\/2020\/10\/30\/am-pm-forte-barra-vidaimobiliaria\/"},"author":{"name":"admin","@id":"https:\/\/fortedabarra.pt\/#\/schema\/person\/09d964756c485bc152528d2588daf0b0"},"headline":"AM + PM requalifica Forte da Barra de Aveiro &#8211; vidaimobiliaria.com","datePublished":"2020-10-30T16:47:00+00:00","dateModified":"2023-11-22T17:00:54+00:00","mainEntityOfPage":{"@id":"https:\/\/fortedabarra.pt\/index.php\/2020\/10\/30\/am-pm-forte-barra-vidaimobiliaria\/"},"wordCount":99,"publisher":{"@id":"https:\/\/fortedabarra.pt\/#organization"},"image":{"@id":"https:\/\/fortedabarra.pt\/index.php\/2020\/10\/30\/am-pm-forte-barra-vidaimobiliaria\/#primaryimage"},"thumbnailUrl":"https:\/\/fortedabarra.pt\/wp-content\/uploads\/2023\/08\/IMG_6396.jpg","articleSection":["Not\u00edcias"],"inLanguage":"pt-PT"},{"@type":"WebPage","@id":"https:\/\/fortedabarra.pt\/index.php\/2020\/10\/30\/am-pm-forte-barra-vidaimobiliaria\/","url":"https:\/\/fortedabarra.pt\/index.php\/2020\/10\/30\/am-pm-forte-barra-vidaimobiliaria\/","name":"AM + PM requalifica Forte da Barra de Aveiro - vidaimobiliaria.com - Forte da Barra","isPartOf":{"@id":"https:\/\/fortedabarra.pt\/#website"},"primaryImageOfPage":{"@id":"https:\/\/fortedabarra.pt\/index.php\/2020\/10\/30\/am-pm-forte-barra-vidaimobiliaria\/#primaryimage"},"image":{"@id":"https:\/\/fortedabarra.pt\/index.php\/2020\/10\/30\/am-pm-forte-barra-vidaimobiliaria\/#primaryimage"},"thumbnailUrl":"https:\/\/fortedabarra.pt\/wp-content\/uploads\/2023\/08\/IMG_6396.jpg","datePublished":"2020-10-30T16:47:00+00:00","dateModified":"2023-11-22T17:00:54+00:00","description":"Concess\u00e3o do Forte da Barra de Aveiro, s\u00e9culo XVII, para explora\u00e7\u00e3o tur\u00edstica por 50 anos, renda anual de 6.500 euros. Programa Revive contempla 22 im\u00f3veis, j\u00e1 com 18 concess\u00f5es adjudicadas, representando significativo investimento estatal.","breadcrumb":{"@id":"https:\/\/fortedabarra.pt\/index.php\/2020\/10\/30\/am-pm-forte-barra-vidaimobiliaria\/#breadcrumb"},"inLanguage":"pt-PT","potentialAction":[{"@type":"ReadAction","target":["https:\/\/fortedabarra.pt\/index.php\/2020\/10\/30\/am-pm-forte-barra-vidaimobiliaria\/"]}]},{"@type":"ImageObject","inLanguage":"pt-PT","@id":"https:\/\/fortedabarra.pt\/index.php\/2020\/10\/30\/am-pm-forte-barra-vidaimobiliaria\/#primaryimage","url":"https:\/\/fortedabarra.pt\/wp-content\/uploads\/2023\/08\/IMG_6396.jpg","contentUrl":"https:\/\/fortedabarra.pt\/wp-content\/uploads\/2023\/08\/IMG_6396.jpg","width":1000,"height":667},{"@type":"BreadcrumbList","@id":"https:\/\/fortedabarra.pt\/index.php\/2020\/10\/30\/am-pm-forte-barra-vidaimobiliaria\/#breadcrumb","itemListElement":[{"@type":"ListItem","position":1,"name":"Home","item":"https:\/\/fortedabarra.pt\/"},{"@type":"ListItem","position":2,"name":"AM + PM requalifica Forte da Barra de Aveiro &#8211; vidaimobiliaria.com"}]},{"@type":"WebSite","@id":"https:\/\/fortedabarra.pt\/#website","url":"https:\/\/fortedabarra.pt\/","name":"Forte da Barra","description":"Empreendimento do FORTE da BARRA Um legado\u00a0para\u00a0o\u00a0futuro!","publisher":{"@id":"https:\/\/fortedabarra.pt\/#organization"},"potentialAction":[{"@type":"SearchAction","target":{"@type":"EntryPoint","urlTemplate":"https:\/\/fortedabarra.pt\/?s={search_term_string}"},"query-input":{"@type":"PropertyValueSpecification","valueRequired":true,"valueName":"search_term_string"}}],"inLanguage":"pt-PT"},{"@type":"Organization","@id":"https:\/\/fortedabarra.pt\/#organization","name":"Forte da Barra","url":"https:\/\/fortedabarra.pt\/","logo":{"@type":"ImageObject","inLanguage":"pt-PT","@id":"https:\/\/fortedabarra.pt\/#\/schema\/logo\/image\/","url":"https:\/\/fortedabarra.pt\/wp-content\/uploads\/2023\/08\/cropped-Forte-da-Barra_logo-site.png","contentUrl":"https:\/\/fortedabarra.pt\/wp-content\/uploads\/2023\/08\/cropped-Forte-da-Barra_logo-site.png","width":292,"height":292,"caption":"Forte da Barra"},"image":{"@id":"https:\/\/fortedabarra.pt\/#\/schema\/logo\/image\/"}},{"@type":"Person","@id":"https:\/\/fortedabarra.pt\/#\/schema\/person\/09d964756c485bc152528d2588daf0b0","name":"admin","image":{"@type":"ImageObject","inLanguage":"pt-PT","@id":"https:\/\/secure.gravatar.com\/avatar\/e950148aedbe92945bbd9f0fe59c5bda5fdcc7733832f92122b6761a8592dbd8?s=96&d=mm&r=g","url":"https:\/\/secure.gravatar.com\/avatar\/e950148aedbe92945bbd9f0fe59c5bda5fdcc7733832f92122b6761a8592dbd8?s=96&d=mm&r=g","contentUrl":"https:\/\/secure.gravatar.com\/avatar\/e950148aedbe92945bbd9f0fe59c5bda5fdcc7733832f92122b6761a8592dbd8?s=96&d=mm&r=g","caption":"admin"},"sameAs":["https:\/\/fortedabarra.pt"],"url":"https:\/\/fortedabarra.pt\/index.php\/author\/admin-forte\/"}]}},"_links":{"self":[{"href":"https:\/\/fortedabarra.pt\/index.php\/wp-json\/wp\/v2\/posts\/686","targetHints":{"allow":["GET"]}}],"collection":[{"href":"https:\/\/fortedabarra.pt\/index.php\/wp-json\/wp\/v2\/posts"}],"about":[{"href":"https:\/\/fortedabarra.pt\/index.php\/wp-json\/wp\/v2\/types\/post"}],"author":[{"embeddable":true,"href":"https:\/\/fortedabarra.pt\/index.php\/wp-json\/wp\/v2\/users\/1"}],"replies":[{"embeddable":true,"href":"https:\/\/fortedabarra.pt\/index.php\/wp-json\/wp\/v2\/comments?post=686"}],"version-history":[{"count":5,"href":"https:\/\/fortedabarra.pt\/index.php\/wp-json\/wp\/v2\/posts\/686\/revisions"}],"predecessor-version":[{"id":694,"href":"https:\/\/fortedabarra.pt\/index.php\/wp-json\/wp\/v2\/posts\/686\/revisions\/694"}],"wp:featuredmedia":[{"embeddable":true,"href":"https:\/\/fortedabarra.pt\/index.php\/wp-json\/wp\/v2\/media\/260"}],"wp:attachment":[{"href":"https:\/\/fortedabarra.pt\/index.php\/wp-json\/wp\/v2\/media?parent=686"}],"wp:term":[{"taxonomy":"category","embeddable":true,"href":"https:\/\/fortedabarra.pt\/index.php\/wp-json\/wp\/v2\/categories?post=686"},{"taxonomy":"post_tag","embeddable":true,"href":"https:\/\/fortedabarra.pt\/index.php\/wp-json\/wp\/v2\/tags?post=686"}],"curies":[{"name":"wp","href":"https:\/\/api.w.org\/{rel}","templated":true}]}}