{"id":667,"date":"2020-10-29T16:32:00","date_gmt":"2020-10-29T16:32:00","guid":{"rendered":"https:\/\/fortedabarra.pt\/?p=667"},"modified":"2023-11-22T16:36:27","modified_gmt":"2023-11-22T16:36:27","slug":"forte-da-barra-de-aveiro-alvo-de-investimento-turistico-www-terranova-pt","status":"publish","type":"post","link":"https:\/\/fortedabarra.pt\/index.php\/2020\/10\/29\/forte-da-barra-de-aveiro-alvo-de-investimento-turistico-www-terranova-pt\/","title":{"rendered":"Forte da Barra de Aveiro alvo de investimento tur\u00edstico &#8211; www.terranova.pt"},"content":{"rendered":"\t\t<div data-elementor-type=\"wp-post\" data-elementor-id=\"667\" class=\"elementor elementor-667\">\n\t\t\t\t\t\t<section class=\"elementor-section elementor-top-section elementor-element elementor-element-78738d9 elementor-section-boxed elementor-section-height-default elementor-section-height-default\" data-id=\"78738d9\" data-element_type=\"section\" data-e-type=\"section\">\n\t\t\t\t\t\t<div class=\"elementor-container elementor-column-gap-default\">\n\t\t\t\t\t<div class=\"elementor-column elementor-col-100 elementor-top-column elementor-element elementor-element-d94bd50\" data-id=\"d94bd50\" data-element_type=\"column\" data-e-type=\"column\">\n\t\t\t<div class=\"elementor-widget-wrap elementor-element-populated\">\n\t\t\t\t\t\t<div class=\"elementor-element elementor-element-6142e58 elementor-widget elementor-widget-image\" data-id=\"6142e58\" data-element_type=\"widget\" data-e-type=\"widget\" data-widget_type=\"image.default\">\n\t\t\t\t<div class=\"elementor-widget-container\">\n\t\t\t\t\t\t\t\t\t\t\t\t\t\t\t<img fetchpriority=\"high\" decoding=\"async\" width=\"640\" height=\"160\" src=\"https:\/\/fortedabarra.pt\/wp-content\/uploads\/2023\/11\/logo-terranova-1024x256.png\" class=\"attachment-large size-large wp-image-671\" alt=\"\" srcset=\"https:\/\/fortedabarra.pt\/wp-content\/uploads\/2023\/11\/logo-terranova-1024x256.png 1024w, https:\/\/fortedabarra.pt\/wp-content\/uploads\/2023\/11\/logo-terranova-300x75.png 300w, https:\/\/fortedabarra.pt\/wp-content\/uploads\/2023\/11\/logo-terranova-768x192.png 768w, https:\/\/fortedabarra.pt\/wp-content\/uploads\/2023\/11\/logo-terranova.png 1044w\" sizes=\"(max-width: 640px) 100vw, 640px\" \/>\t\t\t\t\t\t\t\t\t\t\t\t\t\t\t<\/div>\n\t\t\t\t<\/div>\n\t\t\t\t<div class=\"elementor-element elementor-element-1ec7c74 elementor-widget elementor-widget-text-editor\" data-id=\"1ec7c74\" data-element_type=\"widget\" data-e-type=\"widget\" data-widget_type=\"text-editor.default\">\n\t\t\t\t<div class=\"elementor-widget-container\">\n\t\t\t\t\t\t\t\t\t<p><span style=\"color: #727272;\"><i>A concess\u00e3o tur\u00edstica do Forte da Barra de Aveiro, em \u00cdlhavo, foi atribu\u00edda \u00e0 &#8220;AM + PM&#8221;, com um investimento previsto de 5,6 milh\u00f5es de euros, no \u00e2mbito do Programa REVIVE. O im\u00f3vel ser\u00e1 recuperado e explorado para fins tur\u00edsticos ao longo de 50 anos, com uma renda anual de 6.500 euros.<\/i><\/span><\/p><p><span style=\"color: #727272;\"><i>Essa fortifica\u00e7\u00e3o do s\u00e9culo XVII, parte do conjunto de fortalezas joaninas para refor\u00e7ar as fronteiras, perdeu sua import\u00e2ncia militar no s\u00e9culo XIX. Embora tenha sido usada como refer\u00eancia para a entrada de barcos na Barra de Aveiro, essa fun\u00e7\u00e3o foi substitu\u00edda pelo farol da Barra.<\/i><\/span><\/p><p><span style=\"color: #727272;\"><i>Autoridades e autarcas elogiaram o desenvolvimento do processo, ressaltando o investimento tur\u00edstico na regi\u00e3o, evidenciando o potencial para revitalizar a \u00e1rea portu\u00e1ria.<\/i><\/span><\/p><p><span style=\"font-weight: bold; color: #333333; font-family: Helvetica, sans-serif; font-size: 16px;\"><span style=\"background-color: var(--bs-body-bg); color: var( --e-global-color-text ); font-family: var( --e-global-typography-text-font-family ), Sans-serif;\">Not\u00edcia completa em\u00a0<\/span><\/span><a href=\"https:\/\/www.terranova.pt\/noticia\/sociedade\/gafanha-da-nazare-forte-da-barra-de-aveiro-alvo-de-investimento-turistico\"><span style=\"background-color: var(--bs-body-bg); font-size: 16px;\"><span style=\"color: #727272;\"><b><u>terranova.pt<\/u><\/b><\/span><\/span><\/a><\/p>\t\t\t\t\t\t\t\t<\/div>\n\t\t\t\t<\/div>\n\t\t\t\t\t<\/div>\n\t\t<\/div>\n\t\t\t\t\t<\/div>\n\t\t<\/section>\n\t\t\t\t<\/div>\n\t\t","protected":false},"excerpt":{"rendered":"<p>Not\u00edcia de www.terranova.pt<\/p>\n","protected":false},"author":1,"featured_media":668,"comment_status":"closed","ping_status":"closed","sticky":false,"template":"","format":"standard","meta":{"footnotes":""},"categories":[17],"tags":[],"class_list":["post-667","post","type-post","status-publish","format-standard","has-post-thumbnail","hentry","category-noticias"],"yoast_head":"<!-- This site is optimized with the Yoast SEO plugin v27.4 - https:\/\/yoast.com\/product\/yoast-seo-wordpress\/ -->\n<title>Forte da Barra de Aveiro alvo de investimento tur\u00edstico - www.terranova.pt - Forte da Barra<\/title>\n<meta name=\"description\" content=\"Concess\u00e3o tur\u00edstica do Forte da Barra de Aveiro, \u00cdlhavo, atribu\u00edda \u00e0 &quot;AM + PM&quot; com investimento de 5,6 milh\u00f5es de euros no Programa REVIVE. Recupera\u00e7\u00e3o para turismo durante 50 anos, renda anual de 6.500 euros. Fortifica\u00e7\u00e3o do s\u00e9culo XVII com relev\u00e2ncia hist\u00f3rica e estrat\u00e9gica no passado, agora destinada ao turismo.\" \/>\n<meta name=\"robots\" content=\"index, follow, max-snippet:-1, max-image-preview:large, max-video-preview:-1\" \/>\n<link rel=\"canonical\" href=\"https:\/\/fortedabarra.pt\/index.php\/2020\/10\/29\/forte-da-barra-de-aveiro-alvo-de-investimento-turistico-www-terranova-pt\/\" \/>\n<meta property=\"og:locale\" content=\"pt_PT\" \/>\n<meta property=\"og:type\" content=\"article\" \/>\n<meta property=\"og:title\" content=\"Forte da Barra de Aveiro alvo de investimento tur\u00edstico - www.terranova.pt - Forte da Barra\" \/>\n<meta property=\"og:description\" content=\"Concess\u00e3o tur\u00edstica do Forte da Barra de Aveiro, \u00cdlhavo, atribu\u00edda \u00e0 &quot;AM + PM&quot; com investimento de 5,6 milh\u00f5es de euros no Programa REVIVE. Recupera\u00e7\u00e3o para turismo durante 50 anos, renda anual de 6.500 euros. Fortifica\u00e7\u00e3o do s\u00e9culo XVII com relev\u00e2ncia hist\u00f3rica e estrat\u00e9gica no passado, agora destinada ao turismo.\" \/>\n<meta property=\"og:url\" content=\"https:\/\/fortedabarra.pt\/index.php\/2020\/10\/29\/forte-da-barra-de-aveiro-alvo-de-investimento-turistico-www-terranova-pt\/\" \/>\n<meta property=\"og:site_name\" content=\"Forte da Barra\" \/>\n<meta property=\"article:published_time\" content=\"2020-10-29T16:32:00+00:00\" \/>\n<meta property=\"article:modified_time\" content=\"2023-11-22T16:36:27+00:00\" \/>\n<meta property=\"og:image\" content=\"https:\/\/fortedabarra.pt\/wp-content\/uploads\/2023\/11\/terranova1.jpg\" \/>\n\t<meta property=\"og:image:width\" content=\"1000\" \/>\n\t<meta property=\"og:image:height\" content=\"563\" \/>\n\t<meta property=\"og:image:type\" content=\"image\/jpeg\" \/>\n<meta name=\"author\" content=\"admin\" \/>\n<meta name=\"twitter:card\" content=\"summary_large_image\" \/>\n<meta name=\"twitter:label1\" content=\"Escrito por\" \/>\n\t<meta name=\"twitter:data1\" content=\"admin\" \/>\n\t<meta name=\"twitter:label2\" content=\"Tempo estimado de leitura\" \/>\n\t<meta name=\"twitter:data2\" content=\"1 minuto\" \/>\n<script type=\"application\/ld+json\" class=\"yoast-schema-graph\">{\"@context\":\"https:\\\/\\\/schema.org\",\"@graph\":[{\"@type\":\"Article\",\"@id\":\"https:\\\/\\\/fortedabarra.pt\\\/index.php\\\/2020\\\/10\\\/29\\\/forte-da-barra-de-aveiro-alvo-de-investimento-turistico-www-terranova-pt\\\/#article\",\"isPartOf\":{\"@id\":\"https:\\\/\\\/fortedabarra.pt\\\/index.php\\\/2020\\\/10\\\/29\\\/forte-da-barra-de-aveiro-alvo-de-investimento-turistico-www-terranova-pt\\\/\"},\"author\":{\"name\":\"admin\",\"@id\":\"https:\\\/\\\/fortedabarra.pt\\\/#\\\/schema\\\/person\\\/09d964756c485bc152528d2588daf0b0\"},\"headline\":\"Forte da Barra de Aveiro alvo de investimento tur\u00edstico &#8211; www.terranova.pt\",\"datePublished\":\"2020-10-29T16:32:00+00:00\",\"dateModified\":\"2023-11-22T16:36:27+00:00\",\"mainEntityOfPage\":{\"@id\":\"https:\\\/\\\/fortedabarra.pt\\\/index.php\\\/2020\\\/10\\\/29\\\/forte-da-barra-de-aveiro-alvo-de-investimento-turistico-www-terranova-pt\\\/\"},\"wordCount\":151,\"publisher\":{\"@id\":\"https:\\\/\\\/fortedabarra.pt\\\/#organization\"},\"image\":{\"@id\":\"https:\\\/\\\/fortedabarra.pt\\\/index.php\\\/2020\\\/10\\\/29\\\/forte-da-barra-de-aveiro-alvo-de-investimento-turistico-www-terranova-pt\\\/#primaryimage\"},\"thumbnailUrl\":\"https:\\\/\\\/fortedabarra.pt\\\/wp-content\\\/uploads\\\/2023\\\/11\\\/terranova1.jpg\",\"articleSection\":[\"Not\u00edcias\"],\"inLanguage\":\"pt-PT\"},{\"@type\":\"WebPage\",\"@id\":\"https:\\\/\\\/fortedabarra.pt\\\/index.php\\\/2020\\\/10\\\/29\\\/forte-da-barra-de-aveiro-alvo-de-investimento-turistico-www-terranova-pt\\\/\",\"url\":\"https:\\\/\\\/fortedabarra.pt\\\/index.php\\\/2020\\\/10\\\/29\\\/forte-da-barra-de-aveiro-alvo-de-investimento-turistico-www-terranova-pt\\\/\",\"name\":\"Forte da Barra de Aveiro alvo de investimento tur\u00edstico - www.terranova.pt - Forte da Barra\",\"isPartOf\":{\"@id\":\"https:\\\/\\\/fortedabarra.pt\\\/#website\"},\"primaryImageOfPage\":{\"@id\":\"https:\\\/\\\/fortedabarra.pt\\\/index.php\\\/2020\\\/10\\\/29\\\/forte-da-barra-de-aveiro-alvo-de-investimento-turistico-www-terranova-pt\\\/#primaryimage\"},\"image\":{\"@id\":\"https:\\\/\\\/fortedabarra.pt\\\/index.php\\\/2020\\\/10\\\/29\\\/forte-da-barra-de-aveiro-alvo-de-investimento-turistico-www-terranova-pt\\\/#primaryimage\"},\"thumbnailUrl\":\"https:\\\/\\\/fortedabarra.pt\\\/wp-content\\\/uploads\\\/2023\\\/11\\\/terranova1.jpg\",\"datePublished\":\"2020-10-29T16:32:00+00:00\",\"dateModified\":\"2023-11-22T16:36:27+00:00\",\"description\":\"Concess\u00e3o tur\u00edstica do Forte da Barra de Aveiro, \u00cdlhavo, atribu\u00edda \u00e0 \\\"AM + PM\\\" com investimento de 5,6 milh\u00f5es de euros no Programa REVIVE. Recupera\u00e7\u00e3o para turismo durante 50 anos, renda anual de 6.500 euros. Fortifica\u00e7\u00e3o do s\u00e9culo XVII com relev\u00e2ncia hist\u00f3rica e estrat\u00e9gica no passado, agora destinada ao turismo.\",\"breadcrumb\":{\"@id\":\"https:\\\/\\\/fortedabarra.pt\\\/index.php\\\/2020\\\/10\\\/29\\\/forte-da-barra-de-aveiro-alvo-de-investimento-turistico-www-terranova-pt\\\/#breadcrumb\"},\"inLanguage\":\"pt-PT\",\"potentialAction\":[{\"@type\":\"ReadAction\",\"target\":[\"https:\\\/\\\/fortedabarra.pt\\\/index.php\\\/2020\\\/10\\\/29\\\/forte-da-barra-de-aveiro-alvo-de-investimento-turistico-www-terranova-pt\\\/\"]}]},{\"@type\":\"ImageObject\",\"inLanguage\":\"pt-PT\",\"@id\":\"https:\\\/\\\/fortedabarra.pt\\\/index.php\\\/2020\\\/10\\\/29\\\/forte-da-barra-de-aveiro-alvo-de-investimento-turistico-www-terranova-pt\\\/#primaryimage\",\"url\":\"https:\\\/\\\/fortedabarra.pt\\\/wp-content\\\/uploads\\\/2023\\\/11\\\/terranova1.jpg\",\"contentUrl\":\"https:\\\/\\\/fortedabarra.pt\\\/wp-content\\\/uploads\\\/2023\\\/11\\\/terranova1.jpg\",\"width\":1000,\"height\":563},{\"@type\":\"BreadcrumbList\",\"@id\":\"https:\\\/\\\/fortedabarra.pt\\\/index.php\\\/2020\\\/10\\\/29\\\/forte-da-barra-de-aveiro-alvo-de-investimento-turistico-www-terranova-pt\\\/#breadcrumb\",\"itemListElement\":[{\"@type\":\"ListItem\",\"position\":1,\"name\":\"Home\",\"item\":\"https:\\\/\\\/fortedabarra.pt\\\/\"},{\"@type\":\"ListItem\",\"position\":2,\"name\":\"Forte da Barra de Aveiro alvo de investimento tur\u00edstico &#8211; www.terranova.pt\"}]},{\"@type\":\"WebSite\",\"@id\":\"https:\\\/\\\/fortedabarra.pt\\\/#website\",\"url\":\"https:\\\/\\\/fortedabarra.pt\\\/\",\"name\":\"Forte da Barra\",\"description\":\"Empreendimento do FORTE da BARRA Um legado\u00a0para\u00a0o\u00a0futuro!\",\"publisher\":{\"@id\":\"https:\\\/\\\/fortedabarra.pt\\\/#organization\"},\"potentialAction\":[{\"@type\":\"SearchAction\",\"target\":{\"@type\":\"EntryPoint\",\"urlTemplate\":\"https:\\\/\\\/fortedabarra.pt\\\/?s={search_term_string}\"},\"query-input\":{\"@type\":\"PropertyValueSpecification\",\"valueRequired\":true,\"valueName\":\"search_term_string\"}}],\"inLanguage\":\"pt-PT\"},{\"@type\":\"Organization\",\"@id\":\"https:\\\/\\\/fortedabarra.pt\\\/#organization\",\"name\":\"Forte da Barra\",\"url\":\"https:\\\/\\\/fortedabarra.pt\\\/\",\"logo\":{\"@type\":\"ImageObject\",\"inLanguage\":\"pt-PT\",\"@id\":\"https:\\\/\\\/fortedabarra.pt\\\/#\\\/schema\\\/logo\\\/image\\\/\",\"url\":\"https:\\\/\\\/fortedabarra.pt\\\/wp-content\\\/uploads\\\/2023\\\/08\\\/cropped-Forte-da-Barra_logo-site.png\",\"contentUrl\":\"https:\\\/\\\/fortedabarra.pt\\\/wp-content\\\/uploads\\\/2023\\\/08\\\/cropped-Forte-da-Barra_logo-site.png\",\"width\":292,\"height\":292,\"caption\":\"Forte da Barra\"},\"image\":{\"@id\":\"https:\\\/\\\/fortedabarra.pt\\\/#\\\/schema\\\/logo\\\/image\\\/\"}},{\"@type\":\"Person\",\"@id\":\"https:\\\/\\\/fortedabarra.pt\\\/#\\\/schema\\\/person\\\/09d964756c485bc152528d2588daf0b0\",\"name\":\"admin\",\"image\":{\"@type\":\"ImageObject\",\"inLanguage\":\"pt-PT\",\"@id\":\"https:\\\/\\\/secure.gravatar.com\\\/avatar\\\/e950148aedbe92945bbd9f0fe59c5bda5fdcc7733832f92122b6761a8592dbd8?s=96&d=mm&r=g\",\"url\":\"https:\\\/\\\/secure.gravatar.com\\\/avatar\\\/e950148aedbe92945bbd9f0fe59c5bda5fdcc7733832f92122b6761a8592dbd8?s=96&d=mm&r=g\",\"contentUrl\":\"https:\\\/\\\/secure.gravatar.com\\\/avatar\\\/e950148aedbe92945bbd9f0fe59c5bda5fdcc7733832f92122b6761a8592dbd8?s=96&d=mm&r=g\",\"caption\":\"admin\"},\"sameAs\":[\"https:\\\/\\\/fortedabarra.pt\"],\"url\":\"https:\\\/\\\/fortedabarra.pt\\\/index.php\\\/author\\\/admin-forte\\\/\"}]}<\/script>\n<!-- \/ Yoast SEO plugin. -->","yoast_head_json":{"title":"Forte da Barra de Aveiro alvo de investimento tur\u00edstico - www.terranova.pt - Forte da Barra","description":"Concess\u00e3o tur\u00edstica do Forte da Barra de Aveiro, \u00cdlhavo, atribu\u00edda \u00e0 \"AM + PM\" com investimento de 5,6 milh\u00f5es de euros no Programa REVIVE. Recupera\u00e7\u00e3o para turismo durante 50 anos, renda anual de 6.500 euros. Fortifica\u00e7\u00e3o do s\u00e9culo XVII com relev\u00e2ncia hist\u00f3rica e estrat\u00e9gica no passado, agora destinada ao turismo.","robots":{"index":"index","follow":"follow","max-snippet":"max-snippet:-1","max-image-preview":"max-image-preview:large","max-video-preview":"max-video-preview:-1"},"canonical":"https:\/\/fortedabarra.pt\/index.php\/2020\/10\/29\/forte-da-barra-de-aveiro-alvo-de-investimento-turistico-www-terranova-pt\/","og_locale":"pt_PT","og_type":"article","og_title":"Forte da Barra de Aveiro alvo de investimento tur\u00edstico - www.terranova.pt - Forte da Barra","og_description":"Concess\u00e3o tur\u00edstica do Forte da Barra de Aveiro, \u00cdlhavo, atribu\u00edda \u00e0 \"AM + PM\" com investimento de 5,6 milh\u00f5es de euros no Programa REVIVE. Recupera\u00e7\u00e3o para turismo durante 50 anos, renda anual de 6.500 euros. Fortifica\u00e7\u00e3o do s\u00e9culo XVII com relev\u00e2ncia hist\u00f3rica e estrat\u00e9gica no passado, agora destinada ao turismo.","og_url":"https:\/\/fortedabarra.pt\/index.php\/2020\/10\/29\/forte-da-barra-de-aveiro-alvo-de-investimento-turistico-www-terranova-pt\/","og_site_name":"Forte da Barra","article_published_time":"2020-10-29T16:32:00+00:00","article_modified_time":"2023-11-22T16:36:27+00:00","og_image":[{"width":1000,"height":563,"url":"https:\/\/fortedabarra.pt\/wp-content\/uploads\/2023\/11\/terranova1.jpg","type":"image\/jpeg"}],"author":"admin","twitter_card":"summary_large_image","twitter_misc":{"Escrito por":"admin","Tempo estimado de leitura":"1 minuto"},"schema":{"@context":"https:\/\/schema.org","@graph":[{"@type":"Article","@id":"https:\/\/fortedabarra.pt\/index.php\/2020\/10\/29\/forte-da-barra-de-aveiro-alvo-de-investimento-turistico-www-terranova-pt\/#article","isPartOf":{"@id":"https:\/\/fortedabarra.pt\/index.php\/2020\/10\/29\/forte-da-barra-de-aveiro-alvo-de-investimento-turistico-www-terranova-pt\/"},"author":{"name":"admin","@id":"https:\/\/fortedabarra.pt\/#\/schema\/person\/09d964756c485bc152528d2588daf0b0"},"headline":"Forte da Barra de Aveiro alvo de investimento tur\u00edstico &#8211; www.terranova.pt","datePublished":"2020-10-29T16:32:00+00:00","dateModified":"2023-11-22T16:36:27+00:00","mainEntityOfPage":{"@id":"https:\/\/fortedabarra.pt\/index.php\/2020\/10\/29\/forte-da-barra-de-aveiro-alvo-de-investimento-turistico-www-terranova-pt\/"},"wordCount":151,"publisher":{"@id":"https:\/\/fortedabarra.pt\/#organization"},"image":{"@id":"https:\/\/fortedabarra.pt\/index.php\/2020\/10\/29\/forte-da-barra-de-aveiro-alvo-de-investimento-turistico-www-terranova-pt\/#primaryimage"},"thumbnailUrl":"https:\/\/fortedabarra.pt\/wp-content\/uploads\/2023\/11\/terranova1.jpg","articleSection":["Not\u00edcias"],"inLanguage":"pt-PT"},{"@type":"WebPage","@id":"https:\/\/fortedabarra.pt\/index.php\/2020\/10\/29\/forte-da-barra-de-aveiro-alvo-de-investimento-turistico-www-terranova-pt\/","url":"https:\/\/fortedabarra.pt\/index.php\/2020\/10\/29\/forte-da-barra-de-aveiro-alvo-de-investimento-turistico-www-terranova-pt\/","name":"Forte da Barra de Aveiro alvo de investimento tur\u00edstico - www.terranova.pt - Forte da Barra","isPartOf":{"@id":"https:\/\/fortedabarra.pt\/#website"},"primaryImageOfPage":{"@id":"https:\/\/fortedabarra.pt\/index.php\/2020\/10\/29\/forte-da-barra-de-aveiro-alvo-de-investimento-turistico-www-terranova-pt\/#primaryimage"},"image":{"@id":"https:\/\/fortedabarra.pt\/index.php\/2020\/10\/29\/forte-da-barra-de-aveiro-alvo-de-investimento-turistico-www-terranova-pt\/#primaryimage"},"thumbnailUrl":"https:\/\/fortedabarra.pt\/wp-content\/uploads\/2023\/11\/terranova1.jpg","datePublished":"2020-10-29T16:32:00+00:00","dateModified":"2023-11-22T16:36:27+00:00","description":"Concess\u00e3o tur\u00edstica do Forte da Barra de Aveiro, \u00cdlhavo, atribu\u00edda \u00e0 \"AM + PM\" com investimento de 5,6 milh\u00f5es de euros no Programa REVIVE. Recupera\u00e7\u00e3o para turismo durante 50 anos, renda anual de 6.500 euros. Fortifica\u00e7\u00e3o do s\u00e9culo XVII com relev\u00e2ncia hist\u00f3rica e estrat\u00e9gica no passado, agora destinada ao turismo.","breadcrumb":{"@id":"https:\/\/fortedabarra.pt\/index.php\/2020\/10\/29\/forte-da-barra-de-aveiro-alvo-de-investimento-turistico-www-terranova-pt\/#breadcrumb"},"inLanguage":"pt-PT","potentialAction":[{"@type":"ReadAction","target":["https:\/\/fortedabarra.pt\/index.php\/2020\/10\/29\/forte-da-barra-de-aveiro-alvo-de-investimento-turistico-www-terranova-pt\/"]}]},{"@type":"ImageObject","inLanguage":"pt-PT","@id":"https:\/\/fortedabarra.pt\/index.php\/2020\/10\/29\/forte-da-barra-de-aveiro-alvo-de-investimento-turistico-www-terranova-pt\/#primaryimage","url":"https:\/\/fortedabarra.pt\/wp-content\/uploads\/2023\/11\/terranova1.jpg","contentUrl":"https:\/\/fortedabarra.pt\/wp-content\/uploads\/2023\/11\/terranova1.jpg","width":1000,"height":563},{"@type":"BreadcrumbList","@id":"https:\/\/fortedabarra.pt\/index.php\/2020\/10\/29\/forte-da-barra-de-aveiro-alvo-de-investimento-turistico-www-terranova-pt\/#breadcrumb","itemListElement":[{"@type":"ListItem","position":1,"name":"Home","item":"https:\/\/fortedabarra.pt\/"},{"@type":"ListItem","position":2,"name":"Forte da Barra de Aveiro alvo de investimento tur\u00edstico &#8211; www.terranova.pt"}]},{"@type":"WebSite","@id":"https:\/\/fortedabarra.pt\/#website","url":"https:\/\/fortedabarra.pt\/","name":"Forte da Barra","description":"Empreendimento do FORTE da BARRA Um legado\u00a0para\u00a0o\u00a0futuro!","publisher":{"@id":"https:\/\/fortedabarra.pt\/#organization"},"potentialAction":[{"@type":"SearchAction","target":{"@type":"EntryPoint","urlTemplate":"https:\/\/fortedabarra.pt\/?s={search_term_string}"},"query-input":{"@type":"PropertyValueSpecification","valueRequired":true,"valueName":"search_term_string"}}],"inLanguage":"pt-PT"},{"@type":"Organization","@id":"https:\/\/fortedabarra.pt\/#organization","name":"Forte da Barra","url":"https:\/\/fortedabarra.pt\/","logo":{"@type":"ImageObject","inLanguage":"pt-PT","@id":"https:\/\/fortedabarra.pt\/#\/schema\/logo\/image\/","url":"https:\/\/fortedabarra.pt\/wp-content\/uploads\/2023\/08\/cropped-Forte-da-Barra_logo-site.png","contentUrl":"https:\/\/fortedabarra.pt\/wp-content\/uploads\/2023\/08\/cropped-Forte-da-Barra_logo-site.png","width":292,"height":292,"caption":"Forte da Barra"},"image":{"@id":"https:\/\/fortedabarra.pt\/#\/schema\/logo\/image\/"}},{"@type":"Person","@id":"https:\/\/fortedabarra.pt\/#\/schema\/person\/09d964756c485bc152528d2588daf0b0","name":"admin","image":{"@type":"ImageObject","inLanguage":"pt-PT","@id":"https:\/\/secure.gravatar.com\/avatar\/e950148aedbe92945bbd9f0fe59c5bda5fdcc7733832f92122b6761a8592dbd8?s=96&d=mm&r=g","url":"https:\/\/secure.gravatar.com\/avatar\/e950148aedbe92945bbd9f0fe59c5bda5fdcc7733832f92122b6761a8592dbd8?s=96&d=mm&r=g","contentUrl":"https:\/\/secure.gravatar.com\/avatar\/e950148aedbe92945bbd9f0fe59c5bda5fdcc7733832f92122b6761a8592dbd8?s=96&d=mm&r=g","caption":"admin"},"sameAs":["https:\/\/fortedabarra.pt"],"url":"https:\/\/fortedabarra.pt\/index.php\/author\/admin-forte\/"}]}},"_links":{"self":[{"href":"https:\/\/fortedabarra.pt\/index.php\/wp-json\/wp\/v2\/posts\/667","targetHints":{"allow":["GET"]}}],"collection":[{"href":"https:\/\/fortedabarra.pt\/index.php\/wp-json\/wp\/v2\/posts"}],"about":[{"href":"https:\/\/fortedabarra.pt\/index.php\/wp-json\/wp\/v2\/types\/post"}],"author":[{"embeddable":true,"href":"https:\/\/fortedabarra.pt\/index.php\/wp-json\/wp\/v2\/users\/1"}],"replies":[{"embeddable":true,"href":"https:\/\/fortedabarra.pt\/index.php\/wp-json\/wp\/v2\/comments?post=667"}],"version-history":[{"count":4,"href":"https:\/\/fortedabarra.pt\/index.php\/wp-json\/wp\/v2\/posts\/667\/revisions"}],"predecessor-version":[{"id":674,"href":"https:\/\/fortedabarra.pt\/index.php\/wp-json\/wp\/v2\/posts\/667\/revisions\/674"}],"wp:featuredmedia":[{"embeddable":true,"href":"https:\/\/fortedabarra.pt\/index.php\/wp-json\/wp\/v2\/media\/668"}],"wp:attachment":[{"href":"https:\/\/fortedabarra.pt\/index.php\/wp-json\/wp\/v2\/media?parent=667"}],"wp:term":[{"taxonomy":"category","embeddable":true,"href":"https:\/\/fortedabarra.pt\/index.php\/wp-json\/wp\/v2\/categories?post=667"},{"taxonomy":"post_tag","embeddable":true,"href":"https:\/\/fortedabarra.pt\/index.php\/wp-json\/wp\/v2\/tags?post=667"}],"curies":[{"name":"wp","href":"https:\/\/api.w.org\/{rel}","templated":true}]}}